 {"id":50911,"date":"2021-08-17T17:32:18","date_gmt":"2021-08-17T15:32:18","guid":{"rendered":"https:\/\/www.autigrevanille.ch\/fr\/?post_type=blog&#038;p=50911"},"modified":"2025-07-30T13:00:56","modified_gmt":"2025-07-30T11:00:56","slug":"croisiere-bateau-privatise-grece","status":"publish","type":"blog","link":"https:\/\/www.autigrevanille.ch\/fr\/blog\/croisiere-bateau-privatise-grece\/","title":{"rendered":"Croisi\u00e8re en Gr\u00e8ce : une v\u00e9ritable r\u00e9v\u00e9lation\u2026"},"content":{"rendered":"<div class=\"wpb-content-wrapper\"><p>[vc_row css=\".vc_custom_1540993069512{margin-top: 0px !important;margin-right: 0px !important;margin-bottom: 0px !important;margin-left: 0px !important;padding-top: 0px !important;padding-right: 0px !important;padding-bottom: 0px !important;padding-left: 0px !important;}\"][vc_column css=\".vc_custom_1540993109373{padding-right: 0px !important;padding-left: 0px !important;}\"][vc_column_text]<div id=\"blog-header\" class=\"header-banniere-blog\">\n  \t<div>\n      <span class=\"titre-principal-blog\">Le blog de voyage <br>du Tigre<\/span>\n  \t<\/div>\n<\/div>\n[\/vc_column_text][vc_column_text]<script type=\"application\/ld+json\">\n{\n  \"@context\" : \"http:\/\/schema.org\",\n  \"@type\" : \"Article\",\n  \"name\" : \"Croisi\u00e8re en Gr\u00e8ce : une v\u00e9ritable r\u00e9v\u00e9lation\u2026\",\n  \"headline\" : \"Il est midi, nous montons \u00e0 bord. Comme le veut la tradition, nous nous d\u00e9chaussons et c\u2019est pieds nus que nous passerons les prochains jours, ce qui me rappelle la philosophie des h\u00f4tels Six Senses ou Soneva que j\u2019appr\u00e9cie tant. Le ton est donn\u00e9, place \u00e0 la d\u00e9contraction ! Nous sommes accueillis par un \u00e9quipage de quatre personnes qui se montrera tr\u00e8s attentionn\u00e9 et qui sait aussi habilement s\u2019effacer quand le besoin d\u2019intimit\u00e9 se fait ressentir. Nos trois enfants, \u00e2g\u00e9s de 17 mois \u00e0 9 ans, se sentiront aussi rapidement \u00e0 l\u2019aise en leur compagnie.\",\n  \"author\" : {\n    \"@type\" : \"Person\",\n    \"name\" : \"Alexandre Mauron\",\n    \"url\" : \"https:\/\/www.autigrevanille.ch\/fr\/specialiste-voyage\/Alexandre Mauron\"\n  },\n  \"datePublished\" : \"17 ao\u00fbt 2021\",\n  \"articleSection\" : \"Griffe\",\n  \"image\": [\n        \"https:\/\/www.autigrevanille.ch\/wp-content\/uploads\/2021\/05\/bateau-cosmos-exterieurs-enfants-grece-800x547.jpg\"\n      ],\n  \"publisher\": {\n        \"@type\": \"Organization\",\n        \"name\": \"Au Tigre Vanill\u00e9\",\n        \"logo\": {\n          \"@type\": \"ImageObject\",\n          \"url\": \"https:\/\/www.autigrevanille.ch\/wp-content\/uploads\/2018\/08\/logo.png\"\n        }\n}\n}\n<\/script>\n\n<div id=\"article-introduction\">\n    \n    <a class=\"retour-liste-articles\" href=\"https:\/\/www.autigrevanille.ch\/fr\/blog\/\">Retour \u00e0 la liste des articles<\/a><br>\n    <br><br><br>\n    \n      <span class=\"blog-article-tags-pays\">Gr\u00e8ce<\/span> \u00a0\n      \n    <br>\n  \n    \t<span class=\"blog-article-tag-themathique\">Griffe<\/span><br>\n\n      <h1 class=\"blog-titre-article\">Croisi\u00e8re en Gr\u00e8ce : une v\u00e9ritable r\u00e9v\u00e9lation\u2026<\/h1>\n      <span class=\"blog-date-article\">17 ao\u00fbt 2021<\/span> \n    \n    <div class=\"blog-article-auteur\">\n      \t <img decoding=\"async\" class=\"blog-article-auteur-img\" src=\"https:\/\/www.autigrevanille.ch\/wp-content\/uploads\/2019\/09\/alexandre-mauron.jpg\">\n      <div class=\"auteur-container\">\n        <a class=\"blog-article-nom-auteur\" href=\"\/fr\/specialiste-voyage\/Alexandre Mauron\">Alexandre Mauron<\/a><br>\n        \n        Sp\u00e9cialiste Gr\u00e8ce \n        \n \n      <\/div>\n    <\/div>\n\n    [\/vc_column_text][\/vc_column][\/vc_row][vc_row el_class=\"content-container\"][vc_column][vc_raw_html el_class=\"featured\"]JTVCZmVhdHVyZWQlNUQ=[\/vc_raw_html][vc_column_text el_class=\"blog-text-bloc\"]De l\u2019a\u00e9roport d\u2019<a href=\"https:\/\/www.autigrevanille.ch\/fr\/destination\/grece\/athenes-et-lattique\/\">Ath\u00e8nes<\/a>, nous sommes transf\u00e9r\u00e9s directement \u00e0 la marina d\u2019Alimos , \u00e0 45 minutes de l\u00e0, pour d\u00e9buter notre croisi\u00e8re en Gr\u00e8ce ! Nous y retrouvons un couple d\u2019amis pour embarquer \u00e0 bord d\u2019un bateau pas comme les autres ajout\u00e9 dans nos propositions de <a href=\"https:\/\/www.autigrevanille.ch\/fr\/destinations\/grece\/\">voyage en Gr\u00e8ce<\/a> depuis 2021. Un pur-sang, navire traditionnel de bois aux finitions nobles qui m\u00eale le charme de l\u2019ancien et le confort du moderne. Un choix avis\u00e9 pour les amateurs de traditions et de style parmi <a href=\"https:\/\/www.autigrevanille.ch\/fr\/destination\/grece\/croisieres-grece\/\">nos multiples bateaux de croisi\u00e8res grecs<\/a>.[\/vc_column_text][vc_column_text el_class=\"blog-text-bloc\"]<\/p>\n<h2>Un bateau confortable au luxe raffin\u00e9<\/h2>\n<p>Il est midi, nous montons \u00e0 bord. Comme le veut la tradition, nous nous d\u00e9chaussons et c\u2019est pieds nus que nous passerons les prochains jours, ce qui me rappelle la philosophie des h\u00f4tels Six Senses ou Soneva que j\u2019appr\u00e9cie tant. Le ton est donn\u00e9, place \u00e0 la d\u00e9contraction ! Nous sommes accueillis par un \u00e9quipage de quatre personnes qui se montrera tr\u00e8s attentionn\u00e9 et qui sait aussi habilement s\u2019effacer quand le besoin d\u2019intimit\u00e9 se fait ressentir. Nos trois enfants, \u00e2g\u00e9s de 17 mois \u00e0 9 ans, se sentiront aussi rapidement \u00e0 l\u2019aise en leur compagnie.[\/vc_column_text][vc_gallery interval=\"5\" images=\"50934,50935,50938,50939\" img_size=\"medium\"][vc_column_text el_class=\"blog-caption-gallery-bloc\"]<span class=\"hs_cos_wrapper hs_cos_wrapper_meta_field hs_cos_wrapper_type_rich_text\" data-hs-cos-general-type=\"meta_field\" data-hs-cos-type=\"rich_text\">Le bateau, vue de drone <\/span><span id=\"hs_cos_wrapper_post_body\" class=\"hs_cos_wrapper hs_cos_wrapper_meta_field hs_cos_wrapper_type_rich_text\" data-hs-cos-general-type=\"meta_field\" data-hs-cos-type=\"rich_text\"><br \/>\n<\/span>[\/vc_column_text][vc_column_text el_class=\"blog-text-bloc\"]Les pr\u00e9sentations faites et le programme des prochains jours pass\u00e9 en revue, nous nous installons dans l\u2019une des quatre cabines particuli\u00e8rement confortables. Ces derni\u00e8res sont toutes \u00e9quip\u00e9es de leur propre salle de douche et wc en plus d'\u00eatre climatis\u00e9es, et les lits sont des plus douillets !<\/p>\n<p>Propice \u00e0 des conditions de navigation agr\u00e9ables en \u00e9t\u00e9, le <a href=\"https:\/\/www.autigrevanille.ch\/fr\/destination\/grece\/le-golfe-saronique\/\">golfe Saronique<\/a> est la r\u00e9gion sur laquelle nous mettons le cap. Cette destination nous permet de combiner baies confidentielles, ports pittoresques et visites culturelles avec quelques beaux sites arch\u00e9ologiques. Les dur\u00e9es de navigation restent aussi tout \u00e0 fait confortables, soit deux heures en moyenne par jour.[\/vc_column_text][vc_gallery interval=\"5\" images=\"50926,50925,50924\" img_size=\"medium\"][vc_column_text el_class=\"blog-caption-gallery-bloc\"]<span id=\"hs_cos_wrapper_post_body\" class=\"hs_cos_wrapper hs_cos_wrapper_meta_field hs_cos_wrapper_type_rich_text\" data-hs-cos-general-type=\"meta_field\" data-hs-cos-type=\"rich_text\">Int\u00e9rieurs du bateau<br \/>\n<\/span>[\/vc_column_text][vc_column_text el_class=\"blog-text-bloc\"]<\/p>\n<h2>Criques intimes pour des baignades loin des foules<\/h2>\n<p>En fin d\u2019apr\u00e8s-midi, nous atteignons notre destination du jour\u00a0: une crique abrit\u00e9e, paradisiaque, aux eaux claires, sur le littoral d\u2019Agistri. Nous ne tenons plus\u00a0! Maillots de bain enfil\u00e9s, nous nous mettons debout sur la barri\u00e8re du bateau et hop, c\u2019est parti pour un premier saut dans la mer \u00c9g\u00e9e qui marque le d\u00e9but officiel des vacances. Et pour terminer la journ\u00e9e de la plus belle des fa\u00e7ons, une soir\u00e9e sous les \u00e9toiles, couch\u00e9s sur le confortable sundeck\u2026<\/p>\n<p>Le lendemain, comme rarement, les enfants se r\u00e9veillent avec une facilit\u00e9 d\u00e9concertante, enthousiastes de commencer leur journ\u00e9e. Ils ont m\u00eame fait leurs lits au plus grand \u00e9tonnement de l\u2019h\u00f4tesse de bord qui s\u2019en serait volontairement charg\u00e9\u00a0! On se tartine de cr\u00e8me solaire et on s\u2019adonne \u00e0 notre nouveau rituel\u00a0: baignade rafraichissante pr\u00e9c\u00e9dant le petit-d\u00e9jeuner\u2026 sans oublier la petite partie de waterpolo\u00a0!<\/p>\n<p>Au cours des prochains jours, on verra d\u00e9filer <a href=\"https:\/\/www.autigrevanille.ch\/fr\/destination\/grece\/le-golfe-saronique\/\">Poros<\/a> et son canal, <a href=\"https:\/\/www.autigrevanille.ch\/fr\/destination\/grece\/le-golfe-saronique\/\">Hydra<\/a> et ses maisons d\u2019armateurs, <a href=\"https:\/\/www.autigrevanille.ch\/fr\/destination\/grece\/le-golfe-saronique\/\">\u00c9gine<\/a>\u2026 Auraient aussi pu s\u2019ajouter <a href=\"https:\/\/www.autigrevanille.ch\/fr\/destination\/grece\/largolide\/\">\u00c9pidaure et son amphith\u00e9\u00e2tre<\/a>, <a href=\"https:\/\/www.autigrevanille.ch\/fr\/destination\/grece\/le-golfe-saronique\/\">Spetses<\/a>, ou bien encore <a href=\"https:\/\/www.autigrevanille.ch\/fr\/destination\/grece\/largolide\/\">Nauplie<\/a> bien connue pour le charme de sa vieille-ville. Nous aurons \u00e9galement fait de nombreuses activit\u00e9s comme du kayak, du paddle, ainsi que du snorkeling pour rester actifs\u00a0!<\/p>\n<p>Cette croisi\u00e8re est aussi un r\u00e9gal gastronomique o\u00f9 une multitude de sp\u00e9cialit\u00e9s grecques nous sont servies, toujours selon nos pr\u00e9f\u00e9rences alimentaires. L\u2019\u00e9quipage est en contact avec les p\u00eacheurs locaux, ce qui nous permet de nous d\u00e9lecter de poissons de premi\u00e8re fra\u00eecheur. Nous appr\u00e9cions \u00e9galement la carte des vins, comprenant notamment des r\u00e9f\u00e9rences biologiques ou des vins naturels pour les amateurs.[\/vc_column_text][vc_gallery interval=\"5\" images=\"50936,50915,50953\" img_size=\"medium\"][vc_column_text el_class=\"blog-caption-gallery-bloc\"]<span class=\"hs_cos_wrapper hs_cos_wrapper_meta_field hs_cos_wrapper_type_rich_text\" data-hs-cos-general-type=\"meta_field\" data-hs-cos-type=\"rich_text\">Moments baignades autour du bateau<br \/>\n<\/span>[\/vc_column_text][vc_column_text el_class=\"blog-text-bloc\"]<\/p>\n<h2>La Gr\u00e8ce en toute libert\u00e9, loin des foules<\/h2>\n<p>D\u00e9couvrir la Gr\u00e8ce par la mer procure une v\u00e9ritable sensation de libert\u00e9\u00a0! Pas de programme, on se laisse vivre en fonction de ses envies du moment, et on en oublie m\u00eame le temps. Combien de fois d\u00e9j\u00e0 nous sommes-nous surpris \u00e0 d\u00e9jeuner \u00e0 15h, et d\u00eener \u00e0 22h ?<\/p>\n<p>Nous avons le luxe de nous rendre dans les ports uniquement dans les heures les plus calmes pour fl\u00e2ner, ou d\u00e9nicher un restaurant peu fr\u00e9quent\u00e9.[\/vc_column_text][vc_gallery interval=\"5\" images=\"50919,50918,50951,50950\" img_size=\"medium\"][vc_column_text el_class=\"blog-caption-gallery-bloc\"]<span id=\"hs_cos_wrapper_post_body\" class=\"hs_cos_wrapper hs_cos_wrapper_meta_field hs_cos_wrapper_type_rich_text\" data-hs-cos-general-type=\"meta_field\" data-hs-cos-type=\"rich_text\">Vues du pont<br \/>\n<\/span>[\/vc_column_text][vc_column_text el_class=\"blog-text-bloc\"]<\/p>\n<h2>Un bateau id\u00e9al pour une croisi\u00e8re en famille ou en couple<\/h2>\n<p>Par ailleurs ce bateau est particuli\u00e8rement propice \u00e0 une croisi\u00e8re en compagnie d\u2019enfants\u00a0: vaste espace ombrag\u00e9 \u00e0 l\u2019avant leur permettant de jouer, lieu de d\u00e9tente \u00e0 l\u2019arri\u00e8re, paroi en bois d\u2019une certaine hauteur en guise de barri\u00e8re tout autour du pont, master suite avec baignoire (id\u00e9ale pour donner le bain aux enfants en bas \u00e2ge), et personnel de bord toujours attentif aux plus petits, un luxe suppl\u00e9mentaire pour les parents\u00a0![\/vc_column_text][vc_gallery interval=\"5\" images=\"50937,50916,50947\" img_size=\"medium\"][vc_column_text el_class=\"blog-caption-gallery-bloc\"]<span id=\"hs_cos_wrapper_post_body\" class=\"hs_cos_wrapper hs_cos_wrapper_meta_field hs_cos_wrapper_type_rich_text\" data-hs-cos-general-type=\"meta_field\" data-hs-cos-type=\"rich_text\">Une croisi\u00e8re id\u00e9ale pour les familles<br \/>\n<\/span>[\/vc_column_text][vc_column_text el_class=\"blog-text-bloc\"]Mention sp\u00e9ciale \u00e0 l\u2019\u00e9chelle permettant d\u2019acc\u00e9der \u00e0 l\u2019eau, r\u00e9glable en hauteur et d\u2019une stabilit\u00e9 remarquable. J\u2019ai eu beaucoup de craintes sur la fa\u00e7on avec laquelle ma femme et les enfants allaient supporter d\u2019\u00eatre en mer plusieurs jours, mais tout s\u2019est parfaitement d\u00e9roul\u00e9, nous \u00e9tions m\u00eame tous nostalgiques \u00e0 l\u2019id\u00e9e de devoir d\u00e9j\u00e0 quitter ce ravissant navire et les eaux grecques\u2026<\/p>\n<p>De par sa taille, ce yacht classique est recommand\u00e9 tant aux couples, qui pourront passer \u00e0 son bord un s\u00e9jour tout en intimit\u00e9, qu\u2019aux familles ou groupes d\u2019amis jusqu\u2019\u00e0 8 personnes.[\/vc_column_text][\/vc_column][\/vc_row][vc_row el_class=\"blog-cta-contact\" css=\".vc_custom_1648721064696{margin-top: 60px !important;margin-bottom: 40px !important;background-color: #f5f0e6 !important;}\"][vc_column width=\"1\/2\" el_class=\"blog-cta-contact-col1\"][vc_single_image image=\"50918\" img_size=\"medium\"][\/vc_column][vc_column width=\"1\/2\" el_class=\"blog-cta-contact-col2\"][vc_column_text css=\".vc_custom_1650455765691{margin-bottom: 20px !important;}\"]<\/p>\n<h2>VOUS SOUHAITEZ R\u00c9SERVER VOTRE CROISI\u00c8RE ?<\/h2>\n<p>[\/vc_column_text][vc_column_text css=\".vc_custom_1650455776564{margin-top: 20px !important;}\"]Nous aimons prendre le temps n\u00e9cessaire pour mieux cerner les envies de nos voyageurs afin d'offrir une exp\u00e9rience qui corresponde le plus possible \u00e0 leurs attentes.[\/vc_column_text][vc_btn title=\"CONTACTEZ NOTRE SP\u00c9CIALISTE DE LA GR\u00c8CE\" style=\"outline-custom\" outline_custom_color=\"#000000\" outline_custom_hover_background=\"#000000\" outline_custom_hover_text=\"#ffffff\" shape=\"square\" align=\"left\" link=\"url:https%3A%2F%2Fwww.autigrevanille.ch%2Ffr%2Fprise-de-rdv%2F|title:Contactez%20nos%20sp%C3%A9cialistes\" el_class=\"button_voir_nos_etapes\"][\/vc_column][\/vc_row][vc_row el_class=\"content-container\"][vc_column][vc_raw_html]JTVCd3B2LXZpZXclMjBuYW1lJTNEJTIyYmxvZy1yZWxhdGVkLWFydGljbGVzJTIyJTVE[\/vc_raw_html][vc_column_text]<div class=\"bloc-newsletter-container\">\n    <div class=\"social-media\">\n        <h3>Partager l'article<\/h3>\n      <div>  \n        <a href=\"https:\/\/www.facebook.com\/sharer\/sharer.php?u=https:\/\/www.autigrevanille.ch\/fr\/blog\/croisiere-bateau-privatise-grece\/\"><img decoding=\"async\" style=\"width:50px;\" src=\"https:\/\/www.autigrevanille.ch\/wp-content\/uploads\/2021\/04\/facebook.png\"><\/a>\n        <a href=\"https:\/\/twitter.com\/intent\/tweet?text=https:\/\/www.autigrevanille.ch\/fr\/blog\/croisiere-bateau-privatise-grece\/\"><img decoding=\"async\" style=\"width:50px;\" src=\"https:\/\/www.autigrevanille.ch\/wp-content\/uploads\/2021\/04\/twitter.png\"><\/a>\n        <a href=\"https:\/\/www.linkedin.com\/shareArticle?mini=true&url=https:\/\/www.autigrevanille.ch\/fr\/blog\/croisiere-bateau-privatise-grece\/\"><img decoding=\"async\" style=\"width:50px;\" src=\"https:\/\/www.autigrevanille.ch\/wp-content\/uploads\/2021\/04\/linkedin.png\"><\/a>\n                <a href=\"mailto:?subject=Croisi\u00e8re en Gr\u00e8ce : une v\u00e9ritable r\u00e9v\u00e9lation\u2026&amp;body=Tu avais d\u00e9j\u00e0 lu cet article du Blog de l'agence de cr\u00e9ation de voyage Au Tigre Vanill\u00e9 ? (https:\/\/www.autigrevanille.ch\/fr\/blog\/croisiere-bateau-privatise-grece\/)\"\n   title=\"Share by Email\"><img decoding=\"async\" style=\"width:50px;\" src=\"https:\/\/www.autigrevanille.ch\/wp-content\/uploads\/2021\/11\/bouton-email-blog.jpg\"><\/a>\n      <\/div>\n    <\/div>\n    <div class=\"newsletter\">\n        <h3>Abonnez-vous \u00e0 notre newsletter<\/h3>\n        <div>\n            <form class=\"js-cm-form\" id=\"subForm\" action=\"https:\/\/www.createsend.com\/t\/subscribeerror?description=\" method=\"post\" data-id=\"A61C50BEC994754B1D79C5819EC1255CA083EDFB87A5E3A05DE37441CC77A8DFD2601A7411A3EDBD911334F9FAFDF85709FF16C131DE573FE525CD1BBFFBFD99\">\n            <input autocomplete=\"Email\" aria-label=\"Email\" class=\"js-cm-email-input qa-input-email\" id=\"fieldEmail\" maxlength=\"200\" name=\"cm-jtkymr-jtkymr\" placeholder=\"Votre e-mail\" required=\"\" type=\"email\"><\/div> <button class=\"blog-bouton-newsletter\" type=\"submit\">S'inscrire<\/button><\/form><\/div><script type=\"text\/javascript\" src=\"https:\/\/js.createsend1.com\/javascript\/copypastesubscribeformlogic.js\"><\/script>\n  \t   <\/div>\n    <\/div>\n<\/div>[\/vc_column_text][\/vc_column][\/vc_row][vc_row css=\".vc_custom_1543506218851{margin-top: 0px !important;margin-right: 0px !important;margin-bottom: 0px !important;margin-left: 0px !important;border-bottom-width: 0px !important;padding-top: 0px !important;padding-right: 0px !important;padding-bottom: 0px !important;padding-left: 0px !important;}\"][vc_column css=\".vc_custom_1543506208724{margin-top: 0px !important;margin-right: 0px !important;margin-bottom: 0px !important;padding-top: 0px !important;padding-right: 0px !important;padding-bottom: 0px !important;padding-left: 0px !important;}\"][vc_column_text css=\".vc_custom_1543506527672{margin-top: 0px !important;margin-bottom: 0px !important;border-bottom-width: 0px !important;padding-top: 0px !important;}\"]<div class=\"wpb-content-wrapper\">\n<div class=\"tb-fields-and-text\" data-toolset-blocks-fields-and-text=\"3e1d2592ce20bdf2bf813c9dfa44c991\">\n    <div class=\"wpb_text_column wpb_content_element vc_custom_1543505395542\">\n        <div class=\"wpb_wrapper\">\n            <div id=\"footer-bloc\" class=\"vc_row wpb_row vc_row-fluid vc_custom_1615999363964\">\n                <div class=\"wpb_column vc_column_container vc_column_container_footer vc_col-sm-12\">\n                    <div class=\"vc_column-inner vc_custom_1534760528264\">\n                        <div class=\"wpb_wrapper\">\n                            <div class=\"vc_row wpb_row vc_inner vc_row-fluid vc_custom_1549890561333 vc_row-has-fill\">\n                                <div class=\"wpb_column vc_column_container vc_col-sm-12\">\n                                    <div class=\"vc_column-inner vc_custom_1537963523850\">\n                                        <div class=\"wpb_wrapper\">\n                                            <div\n                                                class=\"vc_separator wpb_content_element vc_separator_align_center vc_sep_width_100 vc_sep_double vc_sep_pos_align_center titreSeparateur vc_separator-has-text\">\n                                                <span class=\"vc_sep_holder vc_sep_holder_l\" style=\"display: flex;\"><span\n                                                        style=\"border-color:#aa956d;\"\n                                                        class=\"vc_sep_line\">\u00a0<\/span>\u00a0<\/span>\n                                                <h2 style=\"display: flex;\">POURQUOI FAIRE CONFIANCE<br \/>AU TIGRE\n                                                    VANILL\u00c9<\/h2>\n                                                <p style=\"display: contents;\"><span\n                                                        class=\"vc_sep_holder vc_sep_holder_l\" style=\"display: flex;\">\n                                                        <span style=\"border-color:#aa956d;\" class=\"vc_sep_line\">\n                                                        <\/span>\n                                                    <\/span>\n                                                <\/p>\n                                            <\/div>\n                                            <div class=\"vc_empty_space hidden-sm hidden-xs\" style=\"height: 52px;\"><\/div>\n                                        <\/div>\n                                    <\/div>\n                                <\/div>\n                            <\/div>\n                            <div class=\"vc_row wpb_row vc_inner vc_row-fluid vc_custom_1549890597043 vc_row-has-fill\">\n                                <div class=\"col-sm-3 col-xs-6 wpb_column vc_column_container vc_col-sm-3\">\n                                    <div class=\"vc_column-inner\">\n                                        <div class=\"wpb_wrapper\">\n                                            <div class=\"wpb_single_image wpb_content_element vc_align_center small\">\n                                                <figure class=\"wpb_wrapper vc_figure\">\n                                                    <div class=\"vc_single_image-wrapper vc_box_border_grey\"><img decoding=\"async\" loading=\"lazy\"\n                                                            class=\"vc_single_image-img attachment-full lazy loaded\"\n                                                            src=\"https:\/\/www.autigrevanille.ch\/wp-content\/uploads\/2022\/12\/Picto-Nos-Experts-Voyages.jpg\"\n                                                            alt=\"Pictogramme de loupe\" width=\"300\" height=\"200\"\n                                                            data-src=\"https:\/\/www.autigrevanille.ch\/wp-content\/uploads\/2022\/12\/Picto-Nos-Experts-Voyages.jpg\" \/>\n                                                    <\/div>\n                                                <\/figure>\n                                            <\/div>\n                                            <div class=\"wpb_text_column wpb_content_element PaysConfiance\">\n                                                <div class=\"wpb_wrapper\">\n                                                    <p style=\"text-align: center;\">Nous sommes<strong><br \/>\n                                                        <\/strong>des experts<br \/>\n                                                        de <a\n                                                            href=\"https:\/\/www.autigrevanille.ch\/fr\/destinations\/menu-sur-mesure\/\"><strong>nos\n                                                                destinations.<\/strong><\/a><\/p>\n                                                <\/div>\n                                            <\/div>\n                                        <\/div>\n                                    <\/div>\n                                <\/div>\n                                <div class=\"col-sm-3 col-xs-6 wpb_column vc_column_container vc_col-sm-3\">\n                                    <div class=\"vc_column-inner\">\n                                        <div class=\"wpb_wrapper\">\n                                            <div class=\"wpb_single_image wpb_content_element vc_align_center small\">\n                                                <figure class=\"wpb_wrapper vc_figure\">\n                                                    <div class=\"vc_single_image-wrapper vc_box_border_grey\"><img decoding=\"async\" loading=\"lazy\"\n                                                            class=\"vc_single_image-img attachment-full lazy loaded\"\n                                                            src=\"https:\/\/www.autigrevanille.ch\/wp-content\/uploads\/2022\/04\/picto-vrai-sur-mesure.png\"\n                                                            alt=\"\" width=\"300\" height=\"200\"\n                                                            data-src=\"https:\/\/www.autigrevanille.ch\/wp-content\/uploads\/2022\/04\/picto-vrai-sur-mesure.png\" \/>\n                                                    <\/div>\n                                                <\/figure>\n                                            <\/div>\n                                            <div class=\"wpb_text_column wpb_content_element PaysConfiance\">\n                                                <div class=\"wpb_wrapper\">\n                                                    <p style=\"text-align: center;\"><a\n                                                            href=\"https:\/\/www.autigrevanille.ch\/fr\/a-propos\/agence-de-creation-de-voyages\/\"><strong>Du\n                                                                vrai sur mesure !<\/strong><\/a><br \/>\n                                                        Nous personnalisons<br \/>\n                                                        (vraiment) vos voyages.<\/p>\n                                                <\/div>\n                                            <\/div>\n                                        <\/div>\n                                    <\/div>\n                                <\/div>\n                                <div class=\"col-sm-3 col-xs-6 wpb_column vc_column_container vc_col-sm-3\">\n                                    <div class=\"vc_column-inner\">\n                                        <div class=\"wpb_wrapper\">\n                                            <div class=\"wpb_single_image wpb_content_element vc_align_center small\">\n                                                <figure class=\"wpb_wrapper vc_figure\">\n                                                    <div class=\"vc_single_image-wrapper vc_box_border_grey\"><img decoding=\"async\" loading=\"lazy\"\n                                                            class=\"vc_single_image-img attachment-full lazy loaded\"\n                                                            src=\"https:\/\/www.autigrevanille.ch\/wp-content\/uploads\/2022\/04\/picto-nos-specialistes.png\"\n                                                            alt=\"\" width=\"300\" height=\"200\"\n                                                            data-src=\"https:\/\/www.autigrevanille.ch\/wp-content\/uploads\/2022\/04\/picto-nos-specialistes.png\" \/>\n                                                    <\/div>\n                                                <\/figure>\n                                            <\/div>\n                                            <div class=\"wpb_text_column wpb_content_element PaysConfiance\">\n                                                <div class=\"wpb_wrapper\">\n                                                    <p style=\"text-align: center;\"><a\n                                                            href=\"https:\/\/www.autigrevanille.ch\/fr\/a-propos\/notre-equipe\/\"><strong>Un\n                                                                de nos sp\u00e9cialistes<\/strong><\/a><br \/>\n                                                        vous est d\u00e9di\u00e9 pour<br \/>\n                                                        toute la pr\u00e9paration.<\/p>\n                                                <\/div>\n                                            <\/div>\n                                        <\/div>\n                                    <\/div>\n                                <\/div>\n                                <div class=\"col-sm-3 col-xs-6 wpb_column vc_column_container vc_col-sm-3\">\n                                    <div class=\"vc_column-inner\">\n                                        <div class=\"wpb_wrapper\">\n                                            <div class=\"wpb_single_image wpb_content_element vc_align_center small\">\n                                                <figure class=\"wpb_wrapper vc_figure\">\n                                                    <div class=\"vc_single_image-wrapper vc_box_border_grey\"><img decoding=\"async\" loading=\"lazy\"\n                                                            class=\"vc_single_image-img attachment-full lazy loaded\"\n                                                            src=\"https:\/\/www.autigrevanille.ch\/wp-content\/uploads\/2022\/04\/picto-services-agence.png\"\n                                                            alt=\"\" width=\"300\" height=\"200\"\n                                                            data-src=\"https:\/\/www.autigrevanille.ch\/wp-content\/uploads\/2022\/04\/picto-services-agence.png\" \/>\n                                                    <\/div>\n                                                <\/figure>\n                                            <\/div>\n                                            <div class=\"wpb_text_column wpb_content_element PaysConfiance\">\n                                                <div class=\"wpb_wrapper\">\n                                                    <p style=\"text-align: center;\"><strong><a\n                                                                href=\"https:\/\/www.autigrevanille.ch\/fr\/a-propos\/des-services-personnalises\/\">Nous\n                                                                g\u00e9rons tout<\/a>.<\/strong><br \/>\n                                                        Dans les moindres<br \/>\n                                                        d\u00e9tails.<\/p>\n                                                <\/div>\n                                            <\/div>\n                                        <\/div>\n                                    <\/div>\n                                <\/div>\n                            <\/div>\n                            <div class=\"vc_row wpb_row vc_inner vc_row-fluid vc_custom_1549890605237 vc_row-has-fill\">\n                                <div class=\"wpb_column vc_column_container vc_col-sm-12\">\n                                    <div class=\"vc_column-inner vc_custom_1537887407590\">\n                                        <div class=\"wpb_wrapper\">\n                                            <div class=\"vc_empty_space hidden-sm\" style=\"height: 32px;\"><\/div>\n                                        <\/div>\n                                    <\/div>\n                                <\/div>\n                            <\/div>\n                        <\/div>\n                    <\/div>\n                <\/div>\n            <\/div>\n            <div id=\"footer-global\" class=\"vc_row wpb_row vc_row-fluid vc_custom_1633696329940 vc_row-has-fill\">                \n                <div class=\"wpb_column vc_column_container vc_col-sm-3\">\n                    <div class=\"vc_column-inner\">\n                        <div class=\"wpb_wrapper\">\n                            <div class=\"wpb_text_column wpb_content_element footer\">\n                                <div class=\"wpb_wrapper\">\n                                    <p><strong>QUI SOMMES-NOUS ?<\/strong><\/p>\n                                    <p> <a href=\"https:\/\/www.autigrevanille.ch\/fr\/a-propos\/agence-de-creation-de-voyages\/\">Notre approche<\/a><br \/>\n                                        <a href=\"https:\/\/www.autigrevanille.ch\/fr\/a-propos\/des-services-personnalises\/\">Nos services<\/a><br \/>\n                                        <a href=\"https:\/\/www.autigrevanille.ch\/fr\/a-propos\/notre-equipe\/\">Notre \u00e9quipe<\/a><br \/>\n                                        <a title=\"D\u00e9couvrez toutes nos offres d'emploi\" href=\"https:\/\/www.autigrevanille.ch\/fr\/rejoignez-nous\/\">Rejoignez-nous !<\/a><br><br>\n                                    <\/p>\n                                <\/div>\n                            <\/div>\n                        <\/div>\n                    <\/div>\n                <\/div>\n                <div class=\"wpb_column vc_column_container vc_col-sm-3\">\n                    <div class=\"vc_column-inner\">\n                        <div class=\"wpb_wrapper\">\n                            <div class=\"wpb_text_column wpb_content_element footer\">\n                                <div class=\"wpb_wrapper\">\n                                    <p><strong>LISTES DE MARIAGE<\/strong><\/p>\n                                    <a href=\"https:\/\/www.autigrevanille.ch\/fr\/voyages-de-noces\/\" target=\"_blank\" rel=\"noopener noreferrer\">Voyages de noces<\/a><br \/>\n                                    <a href=\"https:\/\/www.vanillatiger.ch\/fr\/mariages\" target=\"_blank\" rel=\"noopener noreferrer\">Pour les invit\u00e9s<\/a><br \/>\n                                    <a href=\"https:\/\/www.vanillatiger.ch\/clients\/\" target=\"_blank\" rel=\"noopener noreferrer\">Pour les mari\u00e9s<\/a>\n                                <\/div>\n                            <\/div>\n                        <\/div>\n                    <\/div>\n                <\/div>\n                <div class=\"wpb_column vc_column_container vc_col-sm-3\">\n                    <div class=\"vc_column-inner\">\n                        <div class=\"wpb_wrapper\">\n                            <div class=\"wpb_text_column wpb_content_element footer\">\n                                <div class=\"wpb_wrapper\">\n                                    <p><strong>ACCES RAPIDE<\/strong><\/p>\n                                    <p><a class=\"popup_navigation-sur-mesure\" href=\"#\" target=\"_blank\" rel=\"noopener noreferrer\">Nos destinations<\/a><br \/>\n                                        <a href=\"https:\/\/www.autigrevanille.ch\/fr\/voyages-en-petit-groupe\/\" target=\"_blank\" rel=\"noopener noreferrer\">En petit groupe<\/a><br \/>\n                                        <a class=\"popup_selon_vos_envie\" href=\"#\" target=\"_blank\" rel=\"noopener noreferrer\">Selon vos envies<\/a><br \/>\n                                        <a href=\"https:\/\/www.autigrevanille.ch\/fr\/blog\/\" target=\"_blank\" rel=\"noopener noreferrer\">Le blog du Tigre<\/a><br \/>\n                                        <a href=\"https:\/\/www.autigrevanille.ch\/fr\/prise-de-rdv\/?ins_portable=%2B41\" target=\"_blank\" rel=\"noopener noreferrer\">Contact<\/a>\n                                    <\/p>\n                                <\/div>\n                            <\/div>\n                        <\/div>\n                    <\/div>\n                <\/div>\n                <div class=\"wpb_column vc_column_container vc_col-sm-3\">\n                    <div class=\"vc_column-inner\">\n                        <div class=\"wpb_wrapper\">\n                            <a href=\"https:\/\/www.serandipians.com\" rel=\"Site web de Serandipians by Traveller Made noopener\" target=\"_blank\"><img decoding=\"async\" loading=\"lazy\"\n                                    src=\"https:\/\/www.autigrevanille.ch\/wp-content\/uploads\/2022\/02\/Serandipians-by-Traveller-Made_white-800x346.png\"\n                                    alt=\"Logo Serandipians-by-Traveller-Made\" width=\"200\" height=\"86\"\n                                    class=\"size-small\" \/><\/a>\n                        <\/div>\n                    <\/div>\n                <\/div>\n                \n                <div class=\"wpb_column vc_column_container vc_column_container_footer vc_col-sm-12\">\n                    <div class=\"vc_column-inner vc_custom_1534760528264 mainBlockPartenaire\">\n                        <div class=\"wpb_wrapper\">\n                            <div class=\"vc_row wpb_row vc_inner vc_row-fluid vc_custom_1549890561333 vc_row-has-fill\">\n                                <div class=\"wpb_column vc_column_container vc_col-sm-12\">\n                                    <div class=\"vc_column-inner vc_custom_1537963523850 blockPartenaire\">\n                                        <div class=\"wpb_wrapper\">\n                                            <div\n                                                class=\"vc_separator wpb_content_element vc_separator_align_center vc_sep_width_100 vc_sep_double vc_sep_pos_align_center titreSeparateur vc_separator-has-text\">\n                                                \n                                                <h3 class=\"subTitleFooter\" style=\"display: flex;\">Abonnez-vous \u00e0 notre newsletter<\/h3>\n                                               \n                                            <\/div>\n                                            <div class=\"vc_empty_space hidden-sm hidden-xs\" style=\"height: 52px;\"><\/div>\n                                        <\/div>\n                                    <\/div>\n                                <\/div>\n                            <\/div>\n                            <div class=\"vc_row wpb_row vc_inner vc_row-fluid vc_custom_1549890597043 vc_row-has-fill\">\n                                <div class=\"wpb_column vc_column_container vc_col-sm-12\">\n                                    <div class=\"vc_column-inner newsletter\">\n                                        <div class=\"wpb_wrapper\">\n                                            <div>\n                                                <form class=\"js-cm-form\" id=\"subForm\"\n                                                    action=\"https:\/\/www.createsend.com\/t\/subscribeerror?description=\"\n                                                    method=\"post\"\n                                                    data-id=\"A61C50BEC994754B1D79C5819EC1255CA083EDFB87A5E3A05DE37441CC77A8DFD2601A7411A3EDBD911334F9FAFDF85709FF16C131DE573FE525CD1BBFFBFD99\">\n                                                    <div>\n                                                        <div>\n                                                            <p>\n                                                                <input autocomplete=\"Email\" aria-label=\"Email\"\n                                                                    class=\"js-cm-email-input qa-input-email newsletter\" id=\"fieldEmail\"\n                                                                    maxlength=\"200\" name=\"cm-jtkymr-jtkymr\" placeholder=\"Email*\"\n                                                                    required=\"\" type=\"email\">\n                                                                <button class=\"button_newsletter newsletter\" type=\"submit\">Inscription<\/button>\n                                                            <\/p>\n                                                        <\/div>\n                                                    <\/div>\n                                                <\/form>\n                                            <\/div>\n                                            <p>\n                                                <script type=\"text\/javascript\"\n                                                    src=\"https:\/\/js.createsend1.com\/javascript\/copypastesubscribeformlogic.js\"><\/script><\/p>\n                                        <\/div>\n                                    <\/div>\n                                <\/div>\n                            <\/div>\n                        <\/div>\n                    <\/div>\n                <\/div>\n            <\/div>\n            <div id=\"partenaires\" class=\"wpb_column vc_column_container vc_column_container_footer vc_col-sm-12\">\n                <div class=\"vc_column-inner vc_custom_1534760528264 mainBlockPartenaire\">\n                    <div class=\"wpb_wrapper\">\n                        <div class=\"vc_row wpb_row vc_inner vc_row-fluid vc_custom_1549890561333 vc_row-has-fill\">\n                            <div class=\"wpb_column vc_column_container vc_col-sm-12\">\n                                <div class=\"vc_column-inner vc_custom_1537963523850 blockPartenaire\">\n                                    <div class=\"wpb_wrapper\">\n                                        <div\n                                            class=\"vc_separator wpb_content_element vc_separator_align_center vc_sep_width_100 vc_sep_double vc_sep_pos_align_center titreSeparateur vc_separator-has-text\">\n                                           \n                                            <h3 class=\"subTitleFooter\" style=\"display: flex;\">Nos autres activit\u00e9s<\/h3>\n                                           \n                                        <\/div>\n                                        <div class=\"vc_empty_space hidden-sm hidden-xs\" style=\"height: 52px;\"><\/div>\n                                    <\/div>\n                                <\/div>\n                            <\/div>\n                        <\/div>\n                    <\/div>\n                <\/div>\n                \n                <div class=\"wpb_column vc_column_container vc_col-sm-4\">\n                    <div class=\"vc_column-inner\">\n                        <div class=\"wpb_wrapper\">\n                            <a href=\"https:\/\/lesmondespolaires.ch\/\" rel=\"Les mondes polaires - Exp\u00e9ditions et circuit en Arctique Antartique noopener\" target=\"_blank\">\n                                <img decoding=\"async\" loading=\"lazy\"\n                                    src=\"https:\/\/www.autigrevanille.ch\/wp-content\/uploads\/2023\/07\/Les-mondes-polaires-2.png\"\n                                    alt=\"Logo Les Mondes Polaires\" width=\"175\" height=\"120\"\n                                    class=\"size-small\" \/>\n                                    <p>Exp\u00e9ditions et circuits en <br>Arctique et Antarctique<\/p>\n                            <\/a>\n                        <\/div>\n                    <\/div>\n                <\/div>\n                <!-- <div class=\"wpb_column vc_column_container vc_col-sm-4\">\n                    <div class=\"vc_column-inner\">\n                        <div class=\"wpb_wrapper\">\n                            <a href=\"https:\/\/www.tirawa.com\/\" rel=\"Tirawa - Voyage randonn\u00e9e en petit groupe noopener\" target=\"_blank\">\n                                <img decoding=\"async\" loading=\"lazy\"\n                                    src=\"https:\/\/www.autigrevanille.ch\/wp-content\/uploads\/2023\/07\/Tirawa-2.png\"\n                                    alt=\"Logo Tirawa\" width=\"175\" height=\"120\"\n                                    class=\"size-small\" \/>\n                                    <p>Voyages randonn\u00e9e en <br>petit groupe<\/p>\n                            <\/a>\n                        <\/div>\n                    <\/div>\n                <\/div> -->\n                <div class=\"wpb_column vc_column_container vc_col-sm-4\">\n                    <div class=\"vc_column-inner\">\n                        <div class=\"wpb_wrapper\">\n                            <a href=\"https:\/\/www.photographe-voyageur.com\/\" rel=\"Concours du Phototgraphe Voyageur noopener\" target=\"_blank\">\n                                <img decoding=\"async\" loading=\"lazy\"\n                                    src=\"https:\/\/www.autigrevanille.ch\/wp-content\/uploads\/2023\/07\/Concours-photographe-voyageur-2.png\"\n                                    alt=\"Logo Phototgraphe Voyageur\" width=\"175\" height=\"120\"\n                                    class=\"size-small\" \/>\n                                    <p>Concours du <br>Phototgraphe Voyageur<\/p>\n                            <\/a>\n                        <\/div>\n                    <\/div>\n                <\/div>\n                <div class=\"wpb_column vc_column_container vc_col-sm-4\">\n                    <div class=\"vc_column-inner\">\n                        <div class=\"wpb_wrapper\">\n                            <a href=\"https:\/\/www.watchandcow.com\/\" rel=\"Watch and Cow - Circuit de luxe sur mesure en Suisse noopener\" target=\"_blank\">\n                                <img decoding=\"async\" loading=\"lazy\"\n                                    src=\"https:\/\/www.autigrevanille.ch\/wp-content\/uploads\/2023\/07\/Watch-and-cow-2.png\"\n                                    alt=\"Logo Watch and Cow\" width=\"175\" height=\"120\"\n                                    class=\"size-small\" \/>\n                                    <p>Circuits de luxe sur mesure<br> en Suisse<\/p>\n                            <\/a>\n                        <\/div>\n                    <\/div>\n                <\/div>\n                <div class=\"wpb_column vc_column_container vc_col-sm-12 mentions\">\n                    <div class=\"vc_column-inner vc_custom_1606125359772\">\n                        <div class=\"wpb_wrapper\">\n                            <div class=\"wpb_text_column wpb_content_element footer\">\n                                <div class=\"wpb_wrapper\">\n                                    <p style=\"text-align: center;\">\u00a9 Au Tigre Vanill\u00e9 S\u00e0rl - <a\n                                            href=\"https:\/\/www.autigrevanille.ch\/informations-legales\/#mentions-legales\">Mentions\n                                            l\u00e9gales<\/a> | <a\n                                            href=\"https:\/\/www.autigrevanille.ch\/informations-legales\/#conditions-generales\">Conditions\n                                            G\u00e9n\u00e9rales<\/a> | <a\n                                            href=\"https:\/\/www.autigrevanille.ch\/informations-legales\/#protection-des-donnees\">Politique\n                                            de confidentialit\u00e9<\/a><\/p>\n                                <\/div>\n                            <\/div>\n                        <\/div>\n                    <\/div>\n                <\/div>\n            <\/div>\n        <\/div>\n            <style type=\"text\/css\" data-type=\"rcb-_wpb_shortcodes_custom_css-1867\">\n                .vc_custom_1543505406831>.vc_column-inner {\n                    padding-left: 0px !important;\n                    padding-right: 0px !important;\n                }\n                .vc_custom_1615999363964 {\n                    margin-top: 0px !important;\n                    margin-right: 0px !important;\n                    margin-bottom: 0px !important;\n                    margin-left: 0px !important;\n                    padding-top: 0px !important;\n                    padding-bottom: 0px !important;\n                }\n                .vc_custom_1633696329940 {\n                    padding-right: 10% !important;\n                    padding-left: 10% !important;\n                    background-color: #807b6c !important;\n                }\n                .vc_custom_1606125322289 {\n                    margin-top: 0px !important;\n                    margin-right: 0px !important;\n                    margin-bottom: 0px !important;\n                    margin-left: 0px !important;\n                    background-color: #807b6c !important;\n                }\n                .vc_custom_1534760528264 {\n                    padding-top: 0px !important;\n                    padding-right: 0px !important;\n                    padding-left: 0px !important;\n                }\n                div#footer-bloc {\n                    background-color: #f5f1e7 !important;\n                }\n                div#footer-bloc.partenaires {\n                    background: #FFFFFF !important;\n                }\n                div#footer-bloc.partenaires .PaysConfiance {\n                    margin-top: 20px;\n                }\n                .vc_separator.vc_separator_align_center h2 {\n                    padding: 0 0.8em;\n                    font-size: 3.6rem!important;\n                }\n                .vc_custom_1549890597043 {\n                    padding-right: 7% !important;\n                    padding-left: 7% !important;\n                }\n                .vc_custom_1549890605237 {\n                    padding-right: 10% !important;\n                    padding-left: 10% !important;\n                }\n                .vc_custom_1537963523850 {\n                    margin-top: 80px !important;\n                    padding-right: 10% !important;\n                    padding-left: 10% !important;\n                }\n                .vc_custom_1537887407590 {\n                    padding-right: 10% !important;\n                    padding-left: 10% !important;\n                }\n                .vc_custom_1637309831446 {\n                    margin-bottom: 20px !important;\n                }\n                .vc_custom_1635503718737 {\n                    margin-bottom: 30px !important;\n                }\n                .vc_custom_1606125359772 {\n                    padding-bottom: 10px !important;\n                }\n              #content .wpb_alert p:last-child, #content .wpb_text_column :last-child, #content .wpb_text_column p:last-child, .wpb_alert p:last-child, .wpb_text_column :last-child, .wpb_text_column p:last-child {\n    margin-bottom: 0;\n    border-right:inherit;\n}\n              .entry-content a {\n    border: none;\n    color: #d59814;\n    font-weight: inherit !important;\n}\n            img.partenaireIMG {\n                width: 175px;\n            }\n            a.partenaireLink {\n                opacity: .7;\n                -webkit-transition: all 300ms ease-out;\n                -moz-transition: all 300ms ease-out;\n                -ms-transition: all 300ms ease-out;\n                -o-transition: all 300ms ease-out;\n                transition: all 300ms ease-out;\n            }\n            a.partenaireLink:hover {\n                opacity: 1;-webkit-transition: all 300ms ease-out;\n                -moz-transition: all 300ms ease-out;\n                -ms-transition: all 300ms ease-out;\n                -o-transition: all 300ms ease-out;\n                transition: all 300ms ease-out;\n            }\n            p.partenaireSubTitle {\n                text-align: center;\n                font-size: 14px !important;\n                margin-top: 15px;\n                color: #FFFFFF !important;\n            }\n            .blockPartenaire{\n                margin-top: 30px !important;\n                padding-top: 10px !important;\n                margin-bottom: -30px !important;\n            }\n            .blockPartenaire h2{\n                color: #FFFFFF !important;\n            }\n            .mainBlockPartenaire{\n                margin-bottom: 40px !important;\n            }\n            button.newsletter {\n                border: none;\n                background: #aa956d;\n                border-radius: 0px !important;\n                margin-left: -4px;\n            }   \n            input.newsletter {\n                padding: 9px 10px 8px 10px;\n                border: none !important;\n                border-radius: 0px;    \n                width: 50%;\n                margin-left: calc(25% - 70px);\n            }\n            h3.subTitleFooter {\n                display: flex;\n                color: #FFFFFF;\n                font-size: 30px;\n                padding: 0 40px;\n                font-weight: 100;\n                letter-spacing: 1px;\n                text-align: center;\n                line-height: 26px;\n            }\n            .vc_column-inner.newsletter{\n                padding-top: 0 !important;\n            }\n            .footer p strong {\n                text-decoration: underline;\n                margin-bottom: 8px !important;\n                display: block;\n            }\n            .footer p {\n    font-size: 1.4rem !important;\n    font-family: 'Raleway' !important;\n    font-weight: 400 !important;\n}\n.vc_column-inner.vc_custom_1534760528264.mainBlockPartenaire {\n    margin-bottom: 0px !important;\n}\n\n            #partenaires {\n                background: #928f80;\n                display: flex;\n                flex-direction: row;\n                flex-wrap: wrap;\n                justify-content: center;  \/* \u2190 R\u00e9partit uniform\u00e9ment avec espaces \u00e9gaux *\/\n    \t\t\talign-items: center;\n                padding-top: 20px;\n            }\n\n            #partenaires .vc_separator.vc_sep_double .vc_sep_line {\n                border-bottom: 1px solid #ffffff!important;\n                border-top: 2px solid #ffffff!important;\n            }\n\n\n            #partenaires .wpb_column.vc_column_container.vc_col-sm-4 {\n                display: flex;\n                flex-direction: column;\n                align-content: center;\n                justify-content: center;\n                align-items: stretch;\n            }\n            #partenaires .wpb_column.vc_column_container.vc_col-sm-4 .wpb_wrapper {\n                display: flex;\n                flex-direction: column;\n                align-content: center;\n                flex-wrap: wrap;\n            }\n            #partenaires .wpb_column.vc_column_container.vc_col-sm-4 .wpb_wrapper p {\n                font-size: 13px !important;\n                color: #ffffff !important;\n                text-align: center;\n                margin-top: 5px;\n            }\n            #partenaires .wpb_column.vc_column_container.vc_col-sm-4 .wpb_wrapper a {\n                opacity: .7;\n                -webkit-transition: all 300ms ease-out;\n                -moz-transition: all 300ms ease-out;\n                -ms-transition: all 300ms ease-out;\n                -o-transition: all 300ms ease-out;\n                transition: all 300ms ease-out;\n            }\n            #partenaires .wpb_column.vc_column_container.vc_col-sm-4 .wpb_wrapper a:hover {\n                opacity: 1;\n                -webkit-transition: all 300ms ease-out;\n                -moz-transition: all 300ms ease-out;\n                -ms-transition: all 300ms ease-out;\n                -o-transition: all 300ms ease-out;\n                transition: all 300ms ease-out;\n            }\n            #partenaires .wpb_column.vc_column_container.vc_col-sm-12.mentions {\n                margin-top: 30px;\n            }\n            #footer-global {\n                padding-bottom: 4rem;\n            }\n              .vc_separator.vc_sep_double {\n    height: 3px;\n    display: flex;\n    flex-wrap: nowrap;\n    align-content: flex-start;\n    justify-content: center;\n}\n\n\/* Version mobile sp\u00e9cifique - CORRIG\u00c9E *\/\n\/* Solution RADICALE pour mobile - cibler le vrai probl\u00e8me *\/\n@media (max-width: 768px) {\n    \/* Forcer la hauteur automatique pour \u00e9viter la superposition *\/\n    .wpb_column.vc_column_container.vc_col-sm-12 {\n        height: auto !important;\n        min-height: auto !important;\n        overflow: visible !important;\n    }\n    \n    \/* R\u00e9organiser compl\u00e8tement la section newsletter *\/\n    .vc_column-inner.newsletter,\n    .wpb_column.vc_column_container.vc_column_container_footer.vc_col-sm-12 .vc_column-inner {\n        height: auto !important;\n        min-height: auto !important;\n        padding: 20px 10px !important;\n        margin-bottom: 20px !important;\n        display: block !important;\n        overflow: visible !important;\n    }\n    \n    \/* Forcer les \u00e9l\u00e9ments du formulaire en vertical *\/\n    .vc_column-inner.newsletter form,\n    .vc_column-inner.newsletter form div,\n    .vc_column-inner.newsletter form div div,\n    .vc_column-inner.newsletter form p {\n        display: block !important;\n        width: 100% !important;\n        text-align: center !important;\n        margin: 0 !important;\n        padding: 5px 0 !important;\n    }\n    \n    \/* Input et bouton en mode empil\u00e9 *\/\n    input.newsletter {\n        width: 80% !important;\n        margin: 0 auto 15px auto !important;\n        display: block !important;\n    }\n    \n    button.button_newsletter {\n        margin: 0 auto !important;\n        display: block !important;\n        width: fit-content !important;\n    }\n    \n    \/* Espacement entre sections *\/\n    #footer-global {\n        margin-bottom: 20px !important;\n    }\n    \n    #partenaires {\n        margin-top: 20px !important;\n        clear: both !important;\n    }\n}\n\n\n            <\/style>\n        <\/div>\n    <\/div>\n<\/div>\n<\/div>\n<\/div>[\/vc_column_text][\/vc_column][\/vc_row]<\/p>\n<\/div>","protected":false},"excerpt":{"rendered":"<p>Il est midi, nous montons \u00e0 bord. Comme le veut la tradition, nous nous d\u00e9chaussons et c\u2019est pieds nus que nous passerons les prochains jours, ce qui me rappelle la philosophie des h\u00f4tels Six Senses ou Soneva que j\u2019appr\u00e9cie tant. Le ton est donn\u00e9, place \u00e0 la d\u00e9contraction ! Nous sommes accueillis par un \u00e9quipage de quatre personnes qui se montrera tr\u00e8s attentionn\u00e9 et qui sait aussi habilement s\u2019effacer quand le besoin d\u2019intimit\u00e9 se fait ressentir. Nos trois enfants, \u00e2g\u00e9s de 17 mois \u00e0 9 ans, se sentiront aussi rapidement \u00e0 l\u2019aise en leur compagnie. <\/p>\n","protected":false},"featured_media":50914,"template":"","tag_pays":[126],"tag_thematique":[135],"tag_auteur":[166],"acf":[],"yoast_head":"<!-- This site is optimized with the Yoast SEO plugin v21.5 - https:\/\/yoast.com\/wordpress\/plugins\/seo\/ -->\n<title>Croisi\u00e8re en Gr\u00e8ce en bateau privatis\u00e9 - Au Tigre Vanill\u00e9<\/title>\n<meta name=\"description\" content=\"Comme le veut la tradition, c\u2019est pieds nus que nous passerons les prochains jours sur le bateau pour notre croisi\u00e8re en Gr\u00e8ce\" \/>\n<meta name=\"robots\" content=\"index, follow, max-snippet:-1, max-image-preview:large, max-video-preview:-1\" \/>\n<link rel=\"canonical\" href=\"https:\/\/www.autigrevanille.ch\/fr\/blog\/croisiere-bateau-privatise-grece\/\" \/>\n<meta property=\"og:locale\" content=\"fr_FR\" \/>\n<meta property=\"og:type\" content=\"article\" \/>\n<meta property=\"og:title\" content=\"Croisi\u00e8re en Gr\u00e8ce en bateau privatis\u00e9 - Au Tigre Vanill\u00e9\" \/>\n<meta property=\"og:description\" content=\"Comme le veut la tradition, c\u2019est pieds nus que nous passerons les prochains jours sur le bateau pour notre croisi\u00e8re en Gr\u00e8ce\" \/>\n<meta property=\"og:url\" content=\"https:\/\/www.autigrevanille.ch\/fr\/blog\/croisiere-bateau-privatise-grece\/\" \/>\n<meta property=\"og:site_name\" content=\"Au Tigre Vanill\u00e9, agence de voyages sur mesure\" \/>\n<meta property=\"article:publisher\" content=\"https:\/\/www.facebook.com\/autigrevanille\" \/>\n<meta property=\"article:modified_time\" content=\"2025-07-30T11:00:56+00:00\" \/>\n<meta property=\"og:image\" content=\"https:\/\/www.autigrevanille.ch\/wp-content\/uploads\/2021\/05\/bateau-cosmos-exterieurs-enfants-grece.jpg\" \/>\n\t<meta property=\"og:image:width\" content=\"1200\" \/>\n\t<meta property=\"og:image:height\" content=\"821\" \/>\n\t<meta property=\"og:image:type\" content=\"image\/jpeg\" \/>\n<meta name=\"twitter:card\" content=\"summary_large_image\" \/>\n<script type=\"application\/ld+json\" class=\"yoast-schema-graph\">{\"@context\":\"https:\/\/schema.org\",\"@graph\":[{\"@type\":\"WebPage\",\"@id\":\"https:\/\/www.autigrevanille.ch\/fr\/blog\/croisiere-bateau-privatise-grece\/\",\"url\":\"https:\/\/www.autigrevanille.ch\/fr\/blog\/croisiere-bateau-privatise-grece\/\",\"name\":\"Croisi\u00e8re en Gr\u00e8ce en bateau privatis\u00e9 - Au Tigre Vanill\u00e9\",\"isPartOf\":{\"@id\":\"https:\/\/www.autigrevanille.ch\/fr\/#website\"},\"datePublished\":\"2021-08-17T15:32:18+00:00\",\"dateModified\":\"2025-07-30T11:00:56+00:00\",\"description\":\"Comme le veut la tradition, c\u2019est pieds nus que nous passerons les prochains jours sur le bateau pour notre croisi\u00e8re en Gr\u00e8ce\",\"breadcrumb\":{\"@id\":\"https:\/\/www.autigrevanille.ch\/fr\/blog\/croisiere-bateau-privatise-grece\/#breadcrumb\"},\"inLanguage\":\"fr-FR\",\"potentialAction\":[{\"@type\":\"ReadAction\",\"target\":[\"https:\/\/www.autigrevanille.ch\/fr\/blog\/croisiere-bateau-privatise-grece\/\"]}]},{\"@type\":\"BreadcrumbList\",\"@id\":\"https:\/\/www.autigrevanille.ch\/fr\/blog\/croisiere-bateau-privatise-grece\/#breadcrumb\",\"itemListElement\":[{\"@type\":\"ListItem\",\"position\":1,\"name\":\"Accueil\",\"item\":\"https:\/\/www.autigrevanille.ch\/fr\/\"},{\"@type\":\"ListItem\",\"position\":2,\"name\":\"Croisi\u00e8re en Gr\u00e8ce : une v\u00e9ritable r\u00e9v\u00e9lation\u2026\"}]},{\"@type\":\"WebSite\",\"@id\":\"https:\/\/www.autigrevanille.ch\/fr\/#website\",\"url\":\"https:\/\/www.autigrevanille.ch\/fr\/\",\"name\":\"Au Tigre Vanill\u00e9, agence de voyages sur mesure\",\"description\":\"Agence de voyages d&#039;exception et sur mesure\",\"publisher\":{\"@id\":\"https:\/\/www.autigrevanille.ch\/fr\/#organization\"},\"potentialAction\":[{\"@type\":\"SearchAction\",\"target\":{\"@type\":\"EntryPoint\",\"urlTemplate\":\"https:\/\/www.autigrevanille.ch\/fr\/?s={search_term_string}\"},\"query-input\":\"required name=search_term_string\"}],\"inLanguage\":\"fr-FR\"},{\"@type\":\"Organization\",\"@id\":\"https:\/\/www.autigrevanille.ch\/fr\/#organization\",\"name\":\"Au Tigre Vanill\u00e9\",\"url\":\"https:\/\/www.autigrevanille.ch\/fr\/\",\"logo\":{\"@type\":\"ImageObject\",\"inLanguage\":\"fr-FR\",\"@id\":\"https:\/\/www.autigrevanille.ch\/fr\/#\/schema\/logo\/image\/\",\"url\":\"https:\/\/www.autigrevanille.ch\/wp-content\/uploads\/2018\/08\/Logo_ATV_300x276.png\",\"contentUrl\":\"https:\/\/www.autigrevanille.ch\/wp-content\/uploads\/2018\/08\/Logo_ATV_300x276.png\",\"width\":300,\"height\":276,\"caption\":\"Au Tigre Vanill\u00e9\"},\"image\":{\"@id\":\"https:\/\/www.autigrevanille.ch\/fr\/#\/schema\/logo\/image\/\"},\"sameAs\":[\"https:\/\/www.facebook.com\/autigrevanille\",\"https:\/\/www.instagram.com\/autigrevanille\",\"https:\/\/www.linkedin.com\/company\/autigrevanille\/\"]}]}<\/script>\n<!-- \/ Yoast SEO plugin. -->","yoast_head_json":{"title":"Croisi\u00e8re en Gr\u00e8ce en bateau privatis\u00e9 - Au Tigre Vanill\u00e9","description":"Comme le veut la tradition, c\u2019est pieds nus que nous passerons les prochains jours sur le bateau pour notre croisi\u00e8re en Gr\u00e8ce","robots":{"index":"index","follow":"follow","max-snippet":"max-snippet:-1","max-image-preview":"max-image-preview:large","max-video-preview":"max-video-preview:-1"},"canonical":"https:\/\/www.autigrevanille.ch\/fr\/blog\/croisiere-bateau-privatise-grece\/","og_locale":"fr_FR","og_type":"article","og_title":"Croisi\u00e8re en Gr\u00e8ce en bateau privatis\u00e9 - Au Tigre Vanill\u00e9","og_description":"Comme le veut la tradition, c\u2019est pieds nus que nous passerons les prochains jours sur le bateau pour notre croisi\u00e8re en Gr\u00e8ce","og_url":"https:\/\/www.autigrevanille.ch\/fr\/blog\/croisiere-bateau-privatise-grece\/","og_site_name":"Au Tigre Vanill\u00e9, agence de voyages sur mesure","article_publisher":"https:\/\/www.facebook.com\/autigrevanille","article_modified_time":"2025-07-30T11:00:56+00:00","og_image":[{"width":1200,"height":821,"url":"https:\/\/www.autigrevanille.ch\/wp-content\/uploads\/2021\/05\/bateau-cosmos-exterieurs-enfants-grece.jpg","type":"image\/jpeg"}],"twitter_card":"summary_large_image","schema":{"@context":"https:\/\/schema.org","@graph":[{"@type":"WebPage","@id":"https:\/\/www.autigrevanille.ch\/fr\/blog\/croisiere-bateau-privatise-grece\/","url":"https:\/\/www.autigrevanille.ch\/fr\/blog\/croisiere-bateau-privatise-grece\/","name":"Croisi\u00e8re en Gr\u00e8ce en bateau privatis\u00e9 - Au Tigre Vanill\u00e9","isPartOf":{"@id":"https:\/\/www.autigrevanille.ch\/fr\/#website"},"datePublished":"2021-08-17T15:32:18+00:00","dateModified":"2025-07-30T11:00:56+00:00","description":"Comme le veut la tradition, c\u2019est pieds nus que nous passerons les prochains jours sur le bateau pour notre croisi\u00e8re en Gr\u00e8ce","breadcrumb":{"@id":"https:\/\/www.autigrevanille.ch\/fr\/blog\/croisiere-bateau-privatise-grece\/#breadcrumb"},"inLanguage":"fr-FR","potentialAction":[{"@type":"ReadAction","target":["https:\/\/www.autigrevanille.ch\/fr\/blog\/croisiere-bateau-privatise-grece\/"]}]},{"@type":"BreadcrumbList","@id":"https:\/\/www.autigrevanille.ch\/fr\/blog\/croisiere-bateau-privatise-grece\/#breadcrumb","itemListElement":[{"@type":"ListItem","position":1,"name":"Accueil","item":"https:\/\/www.autigrevanille.ch\/fr\/"},{"@type":"ListItem","position":2,"name":"Croisi\u00e8re en Gr\u00e8ce : une v\u00e9ritable r\u00e9v\u00e9lation\u2026"}]},{"@type":"WebSite","@id":"https:\/\/www.autigrevanille.ch\/fr\/#website","url":"https:\/\/www.autigrevanille.ch\/fr\/","name":"Au Tigre Vanill\u00e9, agence de voyages sur mesure","description":"Agence de voyages d&#039;exception et sur mesure","publisher":{"@id":"https:\/\/www.autigrevanille.ch\/fr\/#organization"},"potentialAction":[{"@type":"SearchAction","target":{"@type":"EntryPoint","urlTemplate":"https:\/\/www.autigrevanille.ch\/fr\/?s={search_term_string}"},"query-input":"required name=search_term_string"}],"inLanguage":"fr-FR"},{"@type":"Organization","@id":"https:\/\/www.autigrevanille.ch\/fr\/#organization","name":"Au Tigre Vanill\u00e9","url":"https:\/\/www.autigrevanille.ch\/fr\/","logo":{"@type":"ImageObject","inLanguage":"fr-FR","@id":"https:\/\/www.autigrevanille.ch\/fr\/#\/schema\/logo\/image\/","url":"https:\/\/www.autigrevanille.ch\/wp-content\/uploads\/2018\/08\/Logo_ATV_300x276.png","contentUrl":"https:\/\/www.autigrevanille.ch\/wp-content\/uploads\/2018\/08\/Logo_ATV_300x276.png","width":300,"height":276,"caption":"Au Tigre Vanill\u00e9"},"image":{"@id":"https:\/\/www.autigrevanille.ch\/fr\/#\/schema\/logo\/image\/"},"sameAs":["https:\/\/www.facebook.com\/autigrevanille","https:\/\/www.instagram.com\/autigrevanille","https:\/\/www.linkedin.com\/company\/autigrevanille\/"]}]}},"_links":{"self":[{"href":"https:\/\/www.autigrevanille.ch\/fr\/wp-json\/wp\/v2\/blog\/50911"}],"collection":[{"href":"https:\/\/www.autigrevanille.ch\/fr\/wp-json\/wp\/v2\/blog"}],"about":[{"href":"https:\/\/www.autigrevanille.ch\/fr\/wp-json\/wp\/v2\/types\/blog"}],"version-history":[{"count":9,"href":"https:\/\/www.autigrevanille.ch\/fr\/wp-json\/wp\/v2\/blog\/50911\/revisions"}],"predecessor-version":[{"id":63817,"href":"https:\/\/www.autigrevanille.ch\/fr\/wp-json\/wp\/v2\/blog\/50911\/revisions\/63817"}],"wp:featuredmedia":[{"embeddable":true,"href":"https:\/\/www.autigrevanille.ch\/fr\/wp-json\/wp\/v2\/media\/50914"}],"wp:attachment":[{"href":"https:\/\/www.autigrevanille.ch\/fr\/wp-json\/wp\/v2\/media?parent=50911"}],"wp:term":[{"taxonomy":"tag_pays","embeddable":true,"href":"https:\/\/www.autigrevanille.ch\/fr\/wp-json\/wp\/v2\/tag_pays?post=50911"},{"taxonomy":"tag_thematique","embeddable":true,"href":"https:\/\/www.autigrevanille.ch\/fr\/wp-json\/wp\/v2\/tag_thematique?post=50911"},{"taxonomy":"tag_auteur","embeddable":true,"href":"https:\/\/www.autigrevanille.ch\/fr\/wp-json\/wp\/v2\/tag_auteur?post=50911"}],"curies":[{"name":"wp","href":"https:\/\/api.w.org\/{rel}","templated":true}]}}