 {"id":52923,"date":"2021-10-27T14:54:43","date_gmt":"2021-10-27T12:54:43","guid":{"rendered":"https:\/\/www.autigrevanille.ch\/fr\/?post_type=blog&#038;p=52923"},"modified":"2022-04-05T16:34:43","modified_gmt":"2022-04-05T14:34:43","slug":"sri-lanka-leveil-des-cinq-sens","status":"publish","type":"blog","link":"https:\/\/www.autigrevanille.ch\/fr\/blog\/sri-lanka-leveil-des-cinq-sens\/","title":{"rendered":"L&rsquo;\u00e9veil des cinq sens"},"content":{"rendered":"<div class=\"wpb-content-wrapper\"><p>[vc_row css=\".vc_custom_1540993069512{margin-top: 0px !important;margin-right: 0px !important;margin-bottom: 0px !important;margin-left: 0px !important;padding-top: 0px !important;padding-right: 0px !important;padding-bottom: 0px !important;padding-left: 0px !important;}\"][vc_column css=\".vc_custom_1540993109373{padding-right: 0px !important;padding-left: 0px !important;}\"][vc_column_text]<div id=\"blog-header\" class=\"header-banniere-blog\">\n  \t<div>\n      <span class=\"titre-principal-blog\">Le blog de voyage <br>du Tigre<\/span>\n  \t<\/div>\n<\/div>\n[\/vc_column_text][vc_column_text]<script type=\"application\/ld+json\">\n{\n  \"@context\" : \"http:\/\/schema.org\",\n  \"@type\" : \"Article\",\n  \"name\" : \"L&rsquo;\u00e9veil des cinq sens\",\n  \"headline\" : \"Si le Sri Lanka \u00e9tait une saveur, ce serait celle d\u2019un curry au lait de coco, un parfum : celui \u00e9manant du jasmin \u00e0 la nuit tomb\u00e9e, une vue : celle de la brume s\u2019\u00e9levant des vagues le long des c\u00f4tes verdoyantes, un son : le chant des oiseaux \u00e0 l\u2019aube dans les for\u00eats tropicales, une caresse : celle des mains qui roulent sur la peau le temps d\u2019un massage ayurv\u00e9dique.\",\n  \"author\" : {\n    \"@type\" : \"Person\",\n    \"name\" : \"Francine Milea\",\n    \"url\" : \"https:\/\/www.autigrevanille.ch\/fr\/specialiste-voyage\/Francine Milea\"\n  },\n  \"datePublished\" : \"27 octobre 2021\",\n  \"articleSection\" : \"Griffe\",\n  \"image\": [\n        \"https:\/\/www.autigrevanille.ch\/wp-content\/uploads\/2021\/06\/sri-lanka-cinq-sens-bouddha-allonge-800x547.jpeg\"\n      ],\n  \"publisher\": {\n        \"@type\": \"Organization\",\n        \"name\": \"Au Tigre Vanill\u00e9\",\n        \"logo\": {\n          \"@type\": \"ImageObject\",\n          \"url\": \"https:\/\/www.autigrevanille.ch\/wp-content\/uploads\/2018\/08\/logo.png\"\n        }\n}\n}\n<\/script>\n\n<div id=\"article-introduction\">\n    \n    <a class=\"retour-liste-articles\" href=\"https:\/\/www.autigrevanille.ch\/fr\/blog\/\">Retour \u00e0 la liste des articles<\/a><br>\n    <br><br><br>\n    \n      <span class=\"blog-article-tags-pays\">Sri Lanka<\/span> \u00a0\n      \n    <br>\n  \n    \t<span class=\"blog-article-tag-themathique\">Griffe<\/span><br>\n\n      <h1 class=\"blog-titre-article\">L&rsquo;\u00e9veil des cinq sens<\/h1>\n      <span class=\"blog-date-article\">27 octobre 2021<\/span> \n    \n    <div class=\"blog-article-auteur\">\n      \t <img decoding=\"async\" class=\"blog-article-auteur-img\" src=\"https:\/\/www.autigrevanille.ch\/wp-content\/uploads\/2021\/06\/francine-milea.jpg\">\n      <div class=\"auteur-container\">\n        <a class=\"blog-article-nom-auteur\" href=\"\/fr\/specialiste-voyage\/Francine Milea\">Francine Milea<\/a><br>\n        \n        Sp\u00e9cialiste du Sri Lanka\n        \n \n      <\/div>\n    <\/div>\n\n    [\/vc_column_text][\/vc_column][\/vc_row][vc_row el_class=\"content-container\"][vc_column][vc_raw_html el_class=\"featured\"]JTVCZmVhdHVyZWQlNUQ=[\/vc_raw_html][vc_column_text el_class=\"blog-text-bloc\"]Si le <a href=\"https:\/\/www.autigrevanille.ch\/fr\/destinations\/sri-lanka\/\">Sri Lanka<\/a> \u00e9tait une saveur, ce serait celle d\u2019un curry au lait de coco, un parfum : celui \u00e9manant du jasmin \u00e0 la nuit tomb\u00e9e, une vue : celle de la brume s\u2019\u00e9levant des vagues le long des c\u00f4tes verdoyantes, un son : le chant des oiseaux \u00e0 l\u2019aube dans les for\u00eats tropicales, une caresse : celle des mains qui roulent sur la peau le temps d\u2019un massage ayurv\u00e9dique.[\/vc_column_text][vc_column_text el_class=\"blog-text-bloc\"]<\/p>\n<h2 class=\"vc_custom_heading vc_custom_1613664455491\">Profiter de LA VUE<\/h2>\n<div class=\"wpb_text_column wpb_content_element \">\n<div class=\"wpb_wrapper\">\n<p>D\u2019une falaise ocre frang\u00e9e de cocotiers sur la c\u00f4te que longent les baleines \u00e0 Mirissa, du haut de Pidurangala pour le lever du soleil face au rocher sacr\u00e9 de <a href=\"https:\/\/www.autigrevanille.ch\/fr\/destination\/sri-lanka\/dambulla-polonnaruwa-et-sigiriya\/\">Sigiriya<\/a>, de votre h\u00f4tel au style r\u00e9solument colonial au c\u0153ur des plantations de th\u00e9 \u00e0 Nuwara Eliya, des marches d\u2019un temple \u00e0 Kandy sur le chatoiement des saris o\u00f9 se balancent des chevelures piquet\u00e9es de jasmin\u2026 Ici les yeux sont sans cesse \u00e9blouis par les couleurs et reliefs d\u2019une \u00eele \u00e0 nulle autre pareille.<\/p>\n<\/div>\n<\/div>\n<p>[\/vc_column_text][vc_single_image image=\"52931\" img_size=\"medium\"][vc_column_text el_class=\"blog-text-bloc\"]<\/p>\n<h2 class=\"vc_custom_heading vc_custom_1613648947154\">TENDRE L'OREILLE aux musiques de l'\u00eele<\/h2>\n<div class=\"wpb_text_column wpb_content_element \">\n<div class=\"wpb_wrapper\">\n<div class=\"wpb_text_column wpb_content_element \">\n<div class=\"wpb_wrapper\">\n<div class=\"wpb_text_column wpb_content_element \">\n<div class=\"wpb_wrapper\">\n<p>Avec une v\u00e9g\u00e9tation aussi diversifi\u00e9e que son relief, le Sri Lanka est le berceau d\u2019une faune et d\u2019une flore exceptionnelle recens\u00e9es dans l\u2019un des 22 parcs nationaux. C\u2019est dans l\u2019un de ces Edens naturels que l\u2019on pourra, comme par exemple \u00e0 <a href=\"https:\/\/www.autigrevanille.ch\/fr\/destination\/sri-lanka\/parc-national-de-yala\/\">Yala<\/a>, de son lodge confortable ou de sa tente luxueuse, se r\u00e9veiller au chant de l\u2019une des 233 esp\u00e8ces d\u2019oiseaux r\u00e9pertori\u00e9es sur l\u2019\u00eele. Mais durant la nuit, peut-\u00eatre le feulement d\u2019une panth\u00e8re, le souffle d\u2019un \u00e9l\u00e9phant ou le ruminement d\u2019un buffle auront-ils titill\u00e9 notre ou\u00efe.<\/p>\n<p>De retour en ville, on sera baign\u00e9 par d\u2019autres m\u00e9lop\u00e9es\u00a0m\u00ealant tambours bouddhiques, danses et chants, le temps d\u2019un festival ou d\u2019une c\u00e9r\u00e9monie religieuse qui ponctuent l\u2019ann\u00e9e et offrant tant aux Sri Lankais qu\u2019aux visiteurs des moments d\u2019intense partage.<\/p>\n<\/div>\n<\/div>\n<\/div>\n<\/div>\n<\/div>\n<\/div>\n<p>[\/vc_column_text][vc_single_image image=\"52933\" img_size=\"medium\"][vc_column_text el_class=\"blog-text-bloc\"]<\/p>\n<h2>GO\u00dbTER aux \u00e9tourdissantes saveurs de la cuisine\u00a0sri-lankaise<\/h2>\n<div class=\"wpb_text_column wpb_content_element \">\n<div class=\"wpb_wrapper\">\n<div class=\"wpb_text_column wpb_content_element \">\n<div class=\"wpb_wrapper\">\n<div class=\"wpb_text_column wpb_content_element \">\n<div class=\"wpb_wrapper\">\n<p>Avec une telle vari\u00e9t\u00e9 de produits locaux, la cuisine sri-lankaise ne pouvait \u00eatre qu\u2019inspir\u00e9e\u00a0! R\u00e9put\u00e9e bien au-del\u00e0 de ses fronti\u00e8res, la gastronomie cingalaise jongle avec de multiples saveurs\u00a0: \u00e9pices ardentes, curry, fruits de mer, produits \u00e0 base de coco, fruits tropicaux et l\u00e9gumes, riz et th\u00e9, la liste des d\u00e9lices est infinie et ravit nos papilles, de l\u2019entr\u00e9e au dessert\u00a0! Une gastronomie que l\u2019on pourra notamment d\u00e9guster dans l\u2019un des nombreux h\u00f4tels de charme de l\u2019\u00eele, un des multiples restaurants renomm\u00e9s de <a href=\"https:\/\/www.autigrevanille.ch\/fr\/destination\/sri-lanka\/colombo\/\">Colombo<\/a>, lors d\u2019un cours de cuisine\u00a0ou plus simplement, lors d\u2019une halte sur la route !<\/p>\n<\/div>\n<\/div>\n<\/div>\n<\/div>\n<\/div>\n<\/div>\n<p>[\/vc_column_text][vc_single_image image=\"52930\" img_size=\"medium\"][vc_column_text el_class=\"blog-text-bloc\"]<\/p>\n<h2>Se laisser TOUCHER\u2026 \u00e0 la gr\u00e2ce d\u2019une m\u00e9decine ancestrale<\/h2>\n<div class=\"wpb_text_column wpb_content_element \">\n<div class=\"wpb_wrapper\">\n<div class=\"wpb_text_column wpb_content_element \">\n<div class=\"wpb_wrapper\">\n<div class=\"wpb_text_column wpb_content_element \">\n<div class=\"wpb_wrapper\">\n<p>Don du dieu hindou Brahma, l\u2019ayurveda fait partie int\u00e9grante de la culture sri lankaise. Cette m\u00e9decine naturelle ancestrale puisant ses origines dans le Veda, postule que notre corps se composerait de 5 \u00e9l\u00e9ments de base\u00a0: air, feu, eau, terre et \u00e9ther et que nous serions sujets \u00e0 3 doshas\u00a0: vatta, pitta et kapha. Les soins ayurv\u00e9diques visent \u00e0 r\u00e9\u00e9quilibrer ces \u00e9l\u00e9ments \u00e0 travers des traitements divers (massages, drainages, nourriture appropri\u00e9e\u2026) et usent de produits \u00e0 base de plantes m\u00e9dicinales locales.<\/p>\n<p>Le Sri Lanka compte parmi les plus renomm\u00e9s des centres ayurv\u00e9diques, qu\u2019ils soient situ\u00e9s au c\u0153ur des montagnes de <a href=\"https:\/\/www.autigrevanille.ch\/fr\/destination\/sri-lanka\/kandy\/\">Knuckle Ranges <\/a>ou le long des c\u00f4tes o\u00f9 on b\u00e9n\u00e9ficiera d\u2019un traitement de choix dans des paysages paisibles et propices \u00e0 la contemplation.<\/p>\n<\/div>\n<\/div>\n<\/div>\n<\/div>\n<\/div>\n<\/div>\n<p>[\/vc_column_text][vc_single_image image=\"52954\" img_size=\"medium\"][vc_column_text el_class=\"blog-caption-bloc\"]<span id=\"hs_cos_wrapper_post_body\" class=\"hs_cos_wrapper hs_cos_wrapper_meta_field hs_cos_wrapper_type_rich_text\" data-hs-cos-general-type=\"meta_field\" data-hs-cos-type=\"rich_text\"><strong> \u00a9<\/strong> <\/span><a href=\"https:\/\/www.santani.lk\/\">Santani hotel<\/a>[\/vc_column_text][vc_column_text el_class=\"blog-text-bloc\"]<\/p>\n<h2>RESPIRER les parfums de l\u2019\u00eele<\/h2>\n<p>Odeurs de jasmin m\u00eal\u00e9e \u00e0 celle d\u2019encens, nous voil\u00e0 dans un des nombreux temples bouddhiques de l\u2019\u00eele o\u00f9 nous re\u00e7oit un moine pour partager quelques moments de la vie monastique, comme \u00e0 <a href=\"https:\/\/www.autigrevanille.ch\/fr\/destination\/sri-lanka\/kandy\/\">Kandy<\/a>. Cannelle et poivre, nous remontons la lagune dans une embarcation l\u00e9g\u00e8re jusqu\u2019\u00e0 une plantation de canneliers et poivriers exploit\u00e9e par une famille locale \u00e0 Balapitiya. Bois coup\u00e9 et peinture, un fabricant de masques traditionnels nous re\u00e7oit dans son atelier \u00e0 <a href=\"https:\/\/www.autigrevanille.ch\/fr\/destination\/sri-lanka\/galle\/\">Galle<\/a>. Parfum du th\u00e9 qui bout et d\u2019un appa \u00e0 l\u2019\u0153uf qui mijote, c\u2019est l\u2019heure du petit-d\u00e9jeuner chez une famille villageoise du sud qui vous accueille. Senteurs d\u2019huiles de s\u00e9same et de coco, votre massage ayurv\u00e9dique vous attend.<\/p>\n<p>[\/vc_column_text][vc_single_image image=\"52927\" img_size=\"large\"][vc_column_text el_class=\"blog-text-bloc\"]<strong><a href=\"https:\/\/www.autigrevanille.ch\/fr\/prise-de-rdv\/?ins_portable=%2B41\">Contactez-nous<\/a> pour plus d\u2019informations sur le Sri Lanka !<br \/>\n<\/strong>[\/vc_column_text][vc_raw_html css=\".vc_custom_1649169278801{margin-bottom: 30px !important;}\"]JTVCd3B2LXZpZXclMjBuYW1lJTNEJTIyYmxvZy1yZWxhdGVkLWFydGljbGVzLXJlbGF0ZWQtZGVzdGluYXRpb24lMjIlNUQ=[\/vc_raw_html][vc_column_text]<div class=\"bloc-newsletter-container\">\n    <div class=\"social-media\">\n        <h3>Partager l'article<\/h3>\n      <div>  \n        <a href=\"https:\/\/www.facebook.com\/sharer\/sharer.php?u=https:\/\/www.autigrevanille.ch\/fr\/blog\/sri-lanka-leveil-des-cinq-sens\/\"><img decoding=\"async\" style=\"width:50px;\" src=\"https:\/\/www.autigrevanille.ch\/wp-content\/uploads\/2021\/04\/facebook.png\"><\/a>\n        <a href=\"https:\/\/twitter.com\/intent\/tweet?text=https:\/\/www.autigrevanille.ch\/fr\/blog\/sri-lanka-leveil-des-cinq-sens\/\"><img decoding=\"async\" style=\"width:50px;\" src=\"https:\/\/www.autigrevanille.ch\/wp-content\/uploads\/2021\/04\/twitter.png\"><\/a>\n        <a href=\"https:\/\/www.linkedin.com\/shareArticle?mini=true&url=https:\/\/www.autigrevanille.ch\/fr\/blog\/sri-lanka-leveil-des-cinq-sens\/\"><img decoding=\"async\" style=\"width:50px;\" src=\"https:\/\/www.autigrevanille.ch\/wp-content\/uploads\/2021\/04\/linkedin.png\"><\/a>\n                <a href=\"mailto:?subject=L&rsquo;\u00e9veil des cinq sens&amp;body=Tu avais d\u00e9j\u00e0 lu cet article du Blog de l'agence de cr\u00e9ation de voyage Au Tigre Vanill\u00e9 ? (https:\/\/www.autigrevanille.ch\/fr\/blog\/sri-lanka-leveil-des-cinq-sens\/)\"\n   title=\"Share by Email\"><img decoding=\"async\" style=\"width:50px;\" src=\"https:\/\/www.autigrevanille.ch\/wp-content\/uploads\/2021\/11\/bouton-email-blog.jpg\"><\/a>\n      <\/div>\n    <\/div>\n    <div class=\"newsletter\">\n        <h3>Abonnez-vous \u00e0 notre newsletter<\/h3>\n        <div>\n            <form class=\"js-cm-form\" id=\"subForm\" action=\"https:\/\/www.createsend.com\/t\/subscribeerror?description=\" method=\"post\" data-id=\"A61C50BEC994754B1D79C5819EC1255CA083EDFB87A5E3A05DE37441CC77A8DFD2601A7411A3EDBD911334F9FAFDF85709FF16C131DE573FE525CD1BBFFBFD99\">\n            <input autocomplete=\"Email\" aria-label=\"Email\" class=\"js-cm-email-input qa-input-email\" id=\"fieldEmail\" maxlength=\"200\" name=\"cm-jtkymr-jtkymr\" placeholder=\"Votre e-mail\" required=\"\" type=\"email\"><\/div> <button class=\"blog-bouton-newsletter\" type=\"submit\">S'inscrire<\/button><\/form><\/div><script type=\"text\/javascript\" src=\"https:\/\/js.createsend1.com\/javascript\/copypastesubscribeformlogic.js\"><\/script>\n  \t   <\/div>\n    <\/div>\n<\/div>[\/vc_column_text][\/vc_column][\/vc_row][vc_row css=\".vc_custom_1543506218851{margin-top: 0px !important;margin-right: 0px !important;margin-bottom: 0px !important;margin-left: 0px !important;border-bottom-width: 0px !important;padding-top: 0px !important;padding-right: 0px !important;padding-bottom: 0px !important;padding-left: 0px !important;}\"][vc_column css=\".vc_custom_1543506208724{margin-top: 0px !important;margin-right: 0px !important;margin-bottom: 0px !important;padding-top: 0px !important;padding-right: 0px !important;padding-bottom: 0px !important;padding-left: 0px !important;}\"][vc_column_text css=\".vc_custom_1543506527672{margin-top: 0px !important;margin-bottom: 0px !important;border-bottom-width: 0px !important;padding-top: 0px !important;}\"]<div class=\"wpb-content-wrapper\">\n<div class=\"tb-fields-and-text\" data-toolset-blocks-fields-and-text=\"3e1d2592ce20bdf2bf813c9dfa44c991\">\n    <div class=\"wpb_text_column wpb_content_element vc_custom_1543505395542\">\n        <div class=\"wpb_wrapper\">\n            <div id=\"footer-bloc\" class=\"vc_row wpb_row vc_row-fluid vc_custom_1615999363964\">\n                <div class=\"wpb_column vc_column_container vc_column_container_footer vc_col-sm-12\">\n                    <div class=\"vc_column-inner vc_custom_1534760528264\">\n                        <div class=\"wpb_wrapper\">\n                            <div class=\"vc_row wpb_row vc_inner vc_row-fluid vc_custom_1549890561333 vc_row-has-fill\">\n                                <div class=\"wpb_column vc_column_container vc_col-sm-12\">\n                                    <div class=\"vc_column-inner vc_custom_1537963523850\">\n                                        <div class=\"wpb_wrapper\">\n                                            <div\n                                                class=\"vc_separator wpb_content_element vc_separator_align_center vc_sep_width_100 vc_sep_double vc_sep_pos_align_center titreSeparateur vc_separator-has-text\">\n                                                <span class=\"vc_sep_holder vc_sep_holder_l\" style=\"display: flex;\"><span\n                                                        style=\"border-color:#aa956d;\"\n                                                        class=\"vc_sep_line\">\u00a0<\/span>\u00a0<\/span>\n                                                <h2 style=\"display: flex;\">POURQUOI FAIRE CONFIANCE<br \/>AU TIGRE\n                                                    VANILL\u00c9<\/h2>\n                                                <p style=\"display: contents;\"><span\n                                                        class=\"vc_sep_holder vc_sep_holder_l\" style=\"display: flex;\">\n                                                        <span style=\"border-color:#aa956d;\" class=\"vc_sep_line\">\n                                                        <\/span>\n                                                    <\/span>\n                                                <\/p>\n                                            <\/div>\n                                            <div class=\"vc_empty_space hidden-sm hidden-xs\" style=\"height: 52px;\"><\/div>\n                                        <\/div>\n                                    <\/div>\n                                <\/div>\n                            <\/div>\n                            <div class=\"vc_row wpb_row vc_inner vc_row-fluid vc_custom_1549890597043 vc_row-has-fill\">\n                                <div class=\"col-sm-3 col-xs-6 wpb_column vc_column_container vc_col-sm-3\">\n                                    <div class=\"vc_column-inner\">\n                                        <div class=\"wpb_wrapper\">\n                                            <div class=\"wpb_single_image wpb_content_element vc_align_center small\">\n                                                <figure class=\"wpb_wrapper vc_figure\">\n                                                    <div class=\"vc_single_image-wrapper vc_box_border_grey\"><img decoding=\"async\" loading=\"lazy\"\n                                                            class=\"vc_single_image-img attachment-full lazy loaded\"\n                                                            src=\"https:\/\/www.autigrevanille.ch\/wp-content\/uploads\/2022\/12\/Picto-Nos-Experts-Voyages.jpg\"\n                                                            alt=\"Pictogramme de loupe\" width=\"300\" height=\"200\"\n                                                            data-src=\"https:\/\/www.autigrevanille.ch\/wp-content\/uploads\/2022\/12\/Picto-Nos-Experts-Voyages.jpg\" \/>\n                                                    <\/div>\n                                                <\/figure>\n                                            <\/div>\n                                            <div class=\"wpb_text_column wpb_content_element PaysConfiance\">\n                                                <div class=\"wpb_wrapper\">\n                                                    <p style=\"text-align: center;\">Nous sommes<strong><br \/>\n                                                        <\/strong>des experts<br \/>\n                                                        de <a\n                                                            href=\"https:\/\/www.autigrevanille.ch\/fr\/destinations\/menu-sur-mesure\/\"><strong>nos\n                                                                destinations.<\/strong><\/a><\/p>\n                                                <\/div>\n                                            <\/div>\n                                        <\/div>\n                                    <\/div>\n                                <\/div>\n                                <div class=\"col-sm-3 col-xs-6 wpb_column vc_column_container vc_col-sm-3\">\n                                    <div class=\"vc_column-inner\">\n                                        <div class=\"wpb_wrapper\">\n                                            <div class=\"wpb_single_image wpb_content_element vc_align_center small\">\n                                                <figure class=\"wpb_wrapper vc_figure\">\n                                                    <div class=\"vc_single_image-wrapper vc_box_border_grey\"><img decoding=\"async\" loading=\"lazy\"\n                                                            class=\"vc_single_image-img attachment-full lazy loaded\"\n                                                            src=\"https:\/\/www.autigrevanille.ch\/wp-content\/uploads\/2022\/04\/picto-vrai-sur-mesure.png\"\n                                                            alt=\"\" width=\"300\" height=\"200\"\n                                                            data-src=\"https:\/\/www.autigrevanille.ch\/wp-content\/uploads\/2022\/04\/picto-vrai-sur-mesure.png\" \/>\n                                                    <\/div>\n                                                <\/figure>\n                                            <\/div>\n                                            <div class=\"wpb_text_column wpb_content_element PaysConfiance\">\n                                                <div class=\"wpb_wrapper\">\n                                                    <p style=\"text-align: center;\"><a\n                                                            href=\"https:\/\/www.autigrevanille.ch\/fr\/a-propos\/agence-de-creation-de-voyages\/\"><strong>Du\n                                                                vrai sur mesure !<\/strong><\/a><br \/>\n                                                        Nous personnalisons<br \/>\n                                                        (vraiment) vos voyages.<\/p>\n                                                <\/div>\n                                            <\/div>\n                                        <\/div>\n                                    <\/div>\n                                <\/div>\n                                <div class=\"col-sm-3 col-xs-6 wpb_column vc_column_container vc_col-sm-3\">\n                                    <div class=\"vc_column-inner\">\n                                        <div class=\"wpb_wrapper\">\n                                            <div class=\"wpb_single_image wpb_content_element vc_align_center small\">\n                                                <figure class=\"wpb_wrapper vc_figure\">\n                                                    <div class=\"vc_single_image-wrapper vc_box_border_grey\"><img decoding=\"async\" loading=\"lazy\"\n                                                            class=\"vc_single_image-img attachment-full lazy loaded\"\n                                                            src=\"https:\/\/www.autigrevanille.ch\/wp-content\/uploads\/2022\/04\/picto-nos-specialistes.png\"\n                                                            alt=\"\" width=\"300\" height=\"200\"\n                                                            data-src=\"https:\/\/www.autigrevanille.ch\/wp-content\/uploads\/2022\/04\/picto-nos-specialistes.png\" \/>\n                                                    <\/div>\n                                                <\/figure>\n                                            <\/div>\n                                            <div class=\"wpb_text_column wpb_content_element PaysConfiance\">\n                                                <div class=\"wpb_wrapper\">\n                                                    <p style=\"text-align: center;\"><a\n                                                            href=\"https:\/\/www.autigrevanille.ch\/fr\/a-propos\/notre-equipe\/\"><strong>Un\n                                                                de nos sp\u00e9cialistes<\/strong><\/a><br \/>\n                                                        vous est d\u00e9di\u00e9 pour<br \/>\n                                                        toute la pr\u00e9paration.<\/p>\n                                                <\/div>\n                                            <\/div>\n                                        <\/div>\n                                    <\/div>\n                                <\/div>\n                                <div class=\"col-sm-3 col-xs-6 wpb_column vc_column_container vc_col-sm-3\">\n                                    <div class=\"vc_column-inner\">\n                                        <div class=\"wpb_wrapper\">\n                                            <div class=\"wpb_single_image wpb_content_element vc_align_center small\">\n                                                <figure class=\"wpb_wrapper vc_figure\">\n                                                    <div class=\"vc_single_image-wrapper vc_box_border_grey\"><img decoding=\"async\" loading=\"lazy\"\n                                                            class=\"vc_single_image-img attachment-full lazy loaded\"\n                                                            src=\"https:\/\/www.autigrevanille.ch\/wp-content\/uploads\/2022\/04\/picto-services-agence.png\"\n                                                            alt=\"\" width=\"300\" height=\"200\"\n                                                            data-src=\"https:\/\/www.autigrevanille.ch\/wp-content\/uploads\/2022\/04\/picto-services-agence.png\" \/>\n                                                    <\/div>\n                                                <\/figure>\n                                            <\/div>\n                                            <div class=\"wpb_text_column wpb_content_element PaysConfiance\">\n                                                <div class=\"wpb_wrapper\">\n                                                    <p style=\"text-align: center;\"><strong><a\n                                                                href=\"https:\/\/www.autigrevanille.ch\/fr\/a-propos\/des-services-personnalises\/\">Nous\n                                                                g\u00e9rons tout<\/a>.<\/strong><br \/>\n                                                        Dans les moindres<br \/>\n                                                        d\u00e9tails.<\/p>\n                                                <\/div>\n                                            <\/div>\n                                        <\/div>\n                                    <\/div>\n                                <\/div>\n                            <\/div>\n                            <div class=\"vc_row wpb_row vc_inner vc_row-fluid vc_custom_1549890605237 vc_row-has-fill\">\n                                <div class=\"wpb_column vc_column_container vc_col-sm-12\">\n                                    <div class=\"vc_column-inner vc_custom_1537887407590\">\n                                        <div class=\"wpb_wrapper\">\n                                            <div class=\"vc_empty_space hidden-sm\" style=\"height: 32px;\"><\/div>\n                                        <\/div>\n                                    <\/div>\n                                <\/div>\n                            <\/div>\n                        <\/div>\n                    <\/div>\n                <\/div>\n            <\/div>\n            <div id=\"footer-global\" class=\"vc_row wpb_row vc_row-fluid vc_custom_1633696329940 vc_row-has-fill\">                \n                <div class=\"wpb_column vc_column_container vc_col-sm-3\">\n                    <div class=\"vc_column-inner\">\n                        <div class=\"wpb_wrapper\">\n                            <div class=\"wpb_text_column wpb_content_element footer\">\n                                <div class=\"wpb_wrapper\">\n                                    <p><strong>QUI SOMMES-NOUS ?<\/strong><\/p>\n                                    <p> <a href=\"https:\/\/www.autigrevanille.ch\/fr\/a-propos\/agence-de-creation-de-voyages\/\">Notre approche<\/a><br \/>\n                                        <a href=\"https:\/\/www.autigrevanille.ch\/fr\/a-propos\/des-services-personnalises\/\">Nos services<\/a><br \/>\n                                        <a href=\"https:\/\/www.autigrevanille.ch\/fr\/a-propos\/notre-equipe\/\">Notre \u00e9quipe<\/a><br \/>\n                                        <a title=\"D\u00e9couvrez toutes nos offres d'emploi\" href=\"https:\/\/www.autigrevanille.ch\/fr\/rejoignez-nous\/\">Rejoignez-nous !<\/a><br><br>\n                                    <\/p>\n                                <\/div>\n                            <\/div>\n                        <\/div>\n                    <\/div>\n                <\/div>\n                <div class=\"wpb_column vc_column_container vc_col-sm-3\">\n                    <div class=\"vc_column-inner\">\n                        <div class=\"wpb_wrapper\">\n                            <div class=\"wpb_text_column wpb_content_element footer\">\n                                <div class=\"wpb_wrapper\">\n                                    <p><strong>LISTES DE MARIAGE<\/strong><\/p>\n                                    <a href=\"https:\/\/www.autigrevanille.ch\/fr\/voyages-de-noces\/\" target=\"_blank\" rel=\"noopener noreferrer\">Voyages de noces<\/a><br \/>\n                                    <a href=\"https:\/\/www.vanillatiger.ch\/fr\/mariages\" target=\"_blank\" rel=\"noopener noreferrer\">Pour les invit\u00e9s<\/a><br \/>\n                                    <a href=\"https:\/\/www.vanillatiger.ch\/clients\/\" target=\"_blank\" rel=\"noopener noreferrer\">Pour les mari\u00e9s<\/a>\n                                <\/div>\n                            <\/div>\n                        <\/div>\n                    <\/div>\n                <\/div>\n                <div class=\"wpb_column vc_column_container vc_col-sm-3\">\n                    <div class=\"vc_column-inner\">\n                        <div class=\"wpb_wrapper\">\n                            <div class=\"wpb_text_column wpb_content_element footer\">\n                                <div class=\"wpb_wrapper\">\n                                    <p><strong>ACCES RAPIDE<\/strong><\/p>\n                                    <p><a class=\"popup_navigation-sur-mesure\" href=\"#\" target=\"_blank\" rel=\"noopener noreferrer\">Nos destinations<\/a><br \/>\n                                        <a href=\"https:\/\/www.autigrevanille.ch\/fr\/voyages-en-petit-groupe\/\" target=\"_blank\" rel=\"noopener noreferrer\">En petit groupe<\/a><br \/>\n                                        <a class=\"popup_selon_vos_envie\" href=\"#\" target=\"_blank\" rel=\"noopener noreferrer\">Selon vos envies<\/a><br \/>\n                                        <a href=\"https:\/\/www.autigrevanille.ch\/fr\/blog\/\" target=\"_blank\" rel=\"noopener noreferrer\">Le blog du Tigre<\/a><br \/>\n                                        <a href=\"https:\/\/www.autigrevanille.ch\/fr\/prise-de-rdv\/?ins_portable=%2B41\" target=\"_blank\" rel=\"noopener noreferrer\">Contact<\/a>\n                                    <\/p>\n                                <\/div>\n                            <\/div>\n                        <\/div>\n                    <\/div>\n                <\/div>\n                <div class=\"wpb_column vc_column_container vc_col-sm-3\">\n                    <div class=\"vc_column-inner\">\n                        <div class=\"wpb_wrapper\">\n                            <a href=\"https:\/\/www.serandipians.com\" rel=\"Site web de Serandipians by Traveller Made noopener\" target=\"_blank\"><img decoding=\"async\" loading=\"lazy\"\n                                    src=\"https:\/\/www.autigrevanille.ch\/wp-content\/uploads\/2022\/02\/Serandipians-by-Traveller-Made_white-800x346.png\"\n                                    alt=\"Logo Serandipians-by-Traveller-Made\" width=\"200\" height=\"86\"\n                                    class=\"size-small\" \/><\/a>\n                        <\/div>\n                    <\/div>\n                <\/div>\n                \n                <div class=\"wpb_column vc_column_container vc_column_container_footer vc_col-sm-12\">\n                    <div class=\"vc_column-inner vc_custom_1534760528264 mainBlockPartenaire\">\n                        <div class=\"wpb_wrapper\">\n                            <div class=\"vc_row wpb_row vc_inner vc_row-fluid vc_custom_1549890561333 vc_row-has-fill\">\n                                <div class=\"wpb_column vc_column_container vc_col-sm-12\">\n                                    <div class=\"vc_column-inner vc_custom_1537963523850 blockPartenaire\">\n                                        <div class=\"wpb_wrapper\">\n                                            <div\n                                                class=\"vc_separator wpb_content_element vc_separator_align_center vc_sep_width_100 vc_sep_double vc_sep_pos_align_center titreSeparateur vc_separator-has-text\">\n                                                \n                                                <h3 class=\"subTitleFooter\" style=\"display: flex;\">Abonnez-vous \u00e0 notre newsletter<\/h3>\n                                               \n                                            <\/div>\n                                            <div class=\"vc_empty_space hidden-sm hidden-xs\" style=\"height: 52px;\"><\/div>\n                                        <\/div>\n                                    <\/div>\n                                <\/div>\n                            <\/div>\n                            <div class=\"vc_row wpb_row vc_inner vc_row-fluid vc_custom_1549890597043 vc_row-has-fill\">\n                                <div class=\"wpb_column vc_column_container vc_col-sm-12\">\n                                    <div class=\"vc_column-inner newsletter\">\n                                        <div class=\"wpb_wrapper\">\n                                            <div>\n                                                <form class=\"js-cm-form\" id=\"subForm\"\n                                                    action=\"https:\/\/www.createsend.com\/t\/subscribeerror?description=\"\n                                                    method=\"post\"\n                                                    data-id=\"A61C50BEC994754B1D79C5819EC1255CA083EDFB87A5E3A05DE37441CC77A8DFD2601A7411A3EDBD911334F9FAFDF85709FF16C131DE573FE525CD1BBFFBFD99\">\n                                                    <div>\n                                                        <div>\n                                                            <p>\n                                                                <input autocomplete=\"Email\" aria-label=\"Email\"\n                                                                    class=\"js-cm-email-input qa-input-email newsletter\" id=\"fieldEmail\"\n                                                                    maxlength=\"200\" name=\"cm-jtkymr-jtkymr\" placeholder=\"Email*\"\n                                                                    required=\"\" type=\"email\">\n                                                                <button class=\"button_newsletter newsletter\" type=\"submit\">Inscription<\/button>\n                                                            <\/p>\n                                                        <\/div>\n                                                    <\/div>\n                                                <\/form>\n                                            <\/div>\n                                            <p>\n                                                <script type=\"text\/javascript\"\n                                                    src=\"https:\/\/js.createsend1.com\/javascript\/copypastesubscribeformlogic.js\"><\/script><\/p>\n                                        <\/div>\n                                    <\/div>\n                                <\/div>\n                            <\/div>\n                        <\/div>\n                    <\/div>\n                <\/div>\n            <\/div>\n            <div id=\"partenaires\" class=\"wpb_column vc_column_container vc_column_container_footer vc_col-sm-12\">\n                <div class=\"vc_column-inner vc_custom_1534760528264 mainBlockPartenaire\">\n                    <div class=\"wpb_wrapper\">\n                        <div class=\"vc_row wpb_row vc_inner vc_row-fluid vc_custom_1549890561333 vc_row-has-fill\">\n                            <div class=\"wpb_column vc_column_container vc_col-sm-12\">\n                                <div class=\"vc_column-inner vc_custom_1537963523850 blockPartenaire\">\n                                    <div class=\"wpb_wrapper\">\n                                        <div\n                                            class=\"vc_separator wpb_content_element vc_separator_align_center vc_sep_width_100 vc_sep_double vc_sep_pos_align_center titreSeparateur vc_separator-has-text\">\n                                           \n                                            <h3 class=\"subTitleFooter\" style=\"display: flex;\">Nos autres activit\u00e9s<\/h3>\n                                           \n                                        <\/div>\n                                        <div class=\"vc_empty_space hidden-sm hidden-xs\" style=\"height: 52px;\"><\/div>\n                                    <\/div>\n                                <\/div>\n                            <\/div>\n                        <\/div>\n                    <\/div>\n                <\/div>\n                \n                <div class=\"wpb_column vc_column_container vc_col-sm-4\">\n                    <div class=\"vc_column-inner\">\n                        <div class=\"wpb_wrapper\">\n                            <a href=\"https:\/\/lesmondespolaires.ch\/\" rel=\"Les mondes polaires - Exp\u00e9ditions et circuit en Arctique Antartique noopener\" target=\"_blank\">\n                                <img decoding=\"async\" loading=\"lazy\"\n                                    src=\"https:\/\/www.autigrevanille.ch\/wp-content\/uploads\/2023\/07\/Les-mondes-polaires-2.png\"\n                                    alt=\"Logo Les Mondes Polaires\" width=\"175\" height=\"120\"\n                                    class=\"size-small\" \/>\n                                    <p>Exp\u00e9ditions et circuits en <br>Arctique et Antarctique<\/p>\n                            <\/a>\n                        <\/div>\n                    <\/div>\n                <\/div>\n                <!-- <div class=\"wpb_column vc_column_container vc_col-sm-4\">\n                    <div class=\"vc_column-inner\">\n                        <div class=\"wpb_wrapper\">\n                            <a href=\"https:\/\/www.tirawa.com\/\" rel=\"Tirawa - Voyage randonn\u00e9e en petit groupe noopener\" target=\"_blank\">\n                                <img decoding=\"async\" loading=\"lazy\"\n                                    src=\"https:\/\/www.autigrevanille.ch\/wp-content\/uploads\/2023\/07\/Tirawa-2.png\"\n                                    alt=\"Logo Tirawa\" width=\"175\" height=\"120\"\n                                    class=\"size-small\" \/>\n                                    <p>Voyages randonn\u00e9e en <br>petit groupe<\/p>\n                            <\/a>\n                        <\/div>\n                    <\/div>\n                <\/div> -->\n                <div class=\"wpb_column vc_column_container vc_col-sm-4\">\n                    <div class=\"vc_column-inner\">\n                        <div class=\"wpb_wrapper\">\n                            <a href=\"https:\/\/www.photographe-voyageur.com\/\" rel=\"Concours du Phototgraphe Voyageur noopener\" target=\"_blank\">\n                                <img decoding=\"async\" loading=\"lazy\"\n                                    src=\"https:\/\/www.autigrevanille.ch\/wp-content\/uploads\/2023\/07\/Concours-photographe-voyageur-2.png\"\n                                    alt=\"Logo Phototgraphe Voyageur\" width=\"175\" height=\"120\"\n                                    class=\"size-small\" \/>\n                                    <p>Concours du <br>Phototgraphe Voyageur<\/p>\n                            <\/a>\n                        <\/div>\n                    <\/div>\n                <\/div>\n                <div class=\"wpb_column vc_column_container vc_col-sm-4\">\n                    <div class=\"vc_column-inner\">\n                        <div class=\"wpb_wrapper\">\n                            <a href=\"https:\/\/www.watchandcow.com\/\" rel=\"Watch and Cow - Circuit de luxe sur mesure en Suisse noopener\" target=\"_blank\">\n                                <img decoding=\"async\" loading=\"lazy\"\n                                    src=\"https:\/\/www.autigrevanille.ch\/wp-content\/uploads\/2023\/07\/Watch-and-cow-2.png\"\n                                    alt=\"Logo Watch and Cow\" width=\"175\" height=\"120\"\n                                    class=\"size-small\" \/>\n                                    <p>Circuits de luxe sur mesure<br> en Suisse<\/p>\n                            <\/a>\n                        <\/div>\n                    <\/div>\n                <\/div>\n                <div class=\"wpb_column vc_column_container vc_col-sm-12 mentions\">\n                    <div class=\"vc_column-inner vc_custom_1606125359772\">\n                        <div class=\"wpb_wrapper\">\n                            <div class=\"wpb_text_column wpb_content_element footer\">\n                                <div class=\"wpb_wrapper\">\n                                    <p style=\"text-align: center;\">\u00a9 Au Tigre Vanill\u00e9 S\u00e0rl - <a\n                                            href=\"https:\/\/www.autigrevanille.ch\/informations-legales\/#mentions-legales\">Mentions\n                                            l\u00e9gales<\/a> | <a\n                                            href=\"https:\/\/www.autigrevanille.ch\/informations-legales\/#conditions-generales\">Conditions\n                                            G\u00e9n\u00e9rales<\/a> | <a\n                                            href=\"https:\/\/www.autigrevanille.ch\/informations-legales\/#protection-des-donnees\">Politique\n                                            de confidentialit\u00e9<\/a><\/p>\n                                <\/div>\n                            <\/div>\n                        <\/div>\n                    <\/div>\n                <\/div>\n            <\/div>\n        <\/div>\n            <style type=\"text\/css\" data-type=\"rcb-_wpb_shortcodes_custom_css-1867\">\n                .vc_custom_1543505406831>.vc_column-inner {\n                    padding-left: 0px !important;\n                    padding-right: 0px !important;\n                }\n                .vc_custom_1615999363964 {\n                    margin-top: 0px !important;\n                    margin-right: 0px !important;\n                    margin-bottom: 0px !important;\n                    margin-left: 0px !important;\n                    padding-top: 0px !important;\n                    padding-bottom: 0px !important;\n                }\n                .vc_custom_1633696329940 {\n                    padding-right: 10% !important;\n                    padding-left: 10% !important;\n                    background-color: #807b6c !important;\n                }\n                .vc_custom_1606125322289 {\n                    margin-top: 0px !important;\n                    margin-right: 0px !important;\n                    margin-bottom: 0px !important;\n                    margin-left: 0px !important;\n                    background-color: #807b6c !important;\n                }\n                .vc_custom_1534760528264 {\n                    padding-top: 0px !important;\n                    padding-right: 0px !important;\n                    padding-left: 0px !important;\n                }\n                div#footer-bloc {\n                    background-color: #f5f1e7 !important;\n                }\n                div#footer-bloc.partenaires {\n                    background: #FFFFFF !important;\n                }\n                div#footer-bloc.partenaires .PaysConfiance {\n                    margin-top: 20px;\n                }\n                .vc_separator.vc_separator_align_center h2 {\n                    padding: 0 0.8em;\n                    font-size: 3.6rem!important;\n                }\n                .vc_custom_1549890597043 {\n                    padding-right: 7% !important;\n                    padding-left: 7% !important;\n                }\n                .vc_custom_1549890605237 {\n                    padding-right: 10% !important;\n                    padding-left: 10% !important;\n                }\n                .vc_custom_1537963523850 {\n                    margin-top: 80px !important;\n                    padding-right: 10% !important;\n                    padding-left: 10% !important;\n                }\n                .vc_custom_1537887407590 {\n                    padding-right: 10% !important;\n                    padding-left: 10% !important;\n                }\n                .vc_custom_1637309831446 {\n                    margin-bottom: 20px !important;\n                }\n                .vc_custom_1635503718737 {\n                    margin-bottom: 30px !important;\n                }\n                .vc_custom_1606125359772 {\n                    padding-bottom: 10px !important;\n                }\n              #content .wpb_alert p:last-child, #content .wpb_text_column :last-child, #content .wpb_text_column p:last-child, .wpb_alert p:last-child, .wpb_text_column :last-child, .wpb_text_column p:last-child {\n    margin-bottom: 0;\n    border-right:inherit;\n}\n              .entry-content a {\n    border: none;\n    color: #d59814;\n    font-weight: inherit !important;\n}\n            img.partenaireIMG {\n                width: 175px;\n            }\n            a.partenaireLink {\n                opacity: .7;\n                -webkit-transition: all 300ms ease-out;\n                -moz-transition: all 300ms ease-out;\n                -ms-transition: all 300ms ease-out;\n                -o-transition: all 300ms ease-out;\n                transition: all 300ms ease-out;\n            }\n            a.partenaireLink:hover {\n                opacity: 1;-webkit-transition: all 300ms ease-out;\n                -moz-transition: all 300ms ease-out;\n                -ms-transition: all 300ms ease-out;\n                -o-transition: all 300ms ease-out;\n                transition: all 300ms ease-out;\n            }\n            p.partenaireSubTitle {\n                text-align: center;\n                font-size: 14px !important;\n                margin-top: 15px;\n                color: #FFFFFF !important;\n            }\n            .blockPartenaire{\n                margin-top: 30px !important;\n                padding-top: 10px !important;\n                margin-bottom: -30px !important;\n            }\n            .blockPartenaire h2{\n                color: #FFFFFF !important;\n            }\n            .mainBlockPartenaire{\n                margin-bottom: 40px !important;\n            }\n            button.newsletter {\n                border: none;\n                background: #aa956d;\n                border-radius: 0px !important;\n                margin-left: -4px;\n            }   \n            input.newsletter {\n                padding: 9px 10px 8px 10px;\n                border: none !important;\n                border-radius: 0px;    \n                width: 50%;\n                margin-left: calc(25% - 70px);\n            }\n            h3.subTitleFooter {\n                display: flex;\n                color: #FFFFFF;\n                font-size: 30px;\n                padding: 0 40px;\n                font-weight: 100;\n                letter-spacing: 1px;\n                text-align: center;\n                line-height: 26px;\n            }\n            .vc_column-inner.newsletter{\n                padding-top: 0 !important;\n            }\n            .footer p strong {\n                text-decoration: underline;\n                margin-bottom: 8px !important;\n                display: block;\n            }\n            .footer p {\n    font-size: 1.4rem !important;\n    font-family: 'Raleway' !important;\n    font-weight: 400 !important;\n}\n.vc_column-inner.vc_custom_1534760528264.mainBlockPartenaire {\n    margin-bottom: 0px !important;\n}\n\n            #partenaires {\n                background: #928f80;\n                display: flex;\n                flex-direction: row;\n                flex-wrap: wrap;\n                justify-content: center;  \/* \u2190 R\u00e9partit uniform\u00e9ment avec espaces \u00e9gaux *\/\n    \t\t\talign-items: center;\n                padding-top: 20px;\n            }\n\n            #partenaires .vc_separator.vc_sep_double .vc_sep_line {\n                border-bottom: 1px solid #ffffff!important;\n                border-top: 2px solid #ffffff!important;\n            }\n\n\n            #partenaires .wpb_column.vc_column_container.vc_col-sm-4 {\n                display: flex;\n                flex-direction: column;\n                align-content: center;\n                justify-content: center;\n                align-items: stretch;\n            }\n            #partenaires .wpb_column.vc_column_container.vc_col-sm-4 .wpb_wrapper {\n                display: flex;\n                flex-direction: column;\n                align-content: center;\n                flex-wrap: wrap;\n            }\n            #partenaires .wpb_column.vc_column_container.vc_col-sm-4 .wpb_wrapper p {\n                font-size: 13px !important;\n                color: #ffffff !important;\n                text-align: center;\n                margin-top: 5px;\n            }\n            #partenaires .wpb_column.vc_column_container.vc_col-sm-4 .wpb_wrapper a {\n                opacity: .7;\n                -webkit-transition: all 300ms ease-out;\n                -moz-transition: all 300ms ease-out;\n                -ms-transition: all 300ms ease-out;\n                -o-transition: all 300ms ease-out;\n                transition: all 300ms ease-out;\n            }\n            #partenaires .wpb_column.vc_column_container.vc_col-sm-4 .wpb_wrapper a:hover {\n                opacity: 1;\n                -webkit-transition: all 300ms ease-out;\n                -moz-transition: all 300ms ease-out;\n                -ms-transition: all 300ms ease-out;\n                -o-transition: all 300ms ease-out;\n                transition: all 300ms ease-out;\n            }\n            #partenaires .wpb_column.vc_column_container.vc_col-sm-12.mentions {\n                margin-top: 30px;\n            }\n            #footer-global {\n                padding-bottom: 4rem;\n            }\n              .vc_separator.vc_sep_double {\n    height: 3px;\n    display: flex;\n    flex-wrap: nowrap;\n    align-content: flex-start;\n    justify-content: center;\n}\n\n\/* Version mobile sp\u00e9cifique - CORRIG\u00c9E *\/\n\/* Solution RADICALE pour mobile - cibler le vrai probl\u00e8me *\/\n@media (max-width: 768px) {\n    \/* Forcer la hauteur automatique pour \u00e9viter la superposition *\/\n    .wpb_column.vc_column_container.vc_col-sm-12 {\n        height: auto !important;\n        min-height: auto !important;\n        overflow: visible !important;\n    }\n    \n    \/* R\u00e9organiser compl\u00e8tement la section newsletter *\/\n    .vc_column-inner.newsletter,\n    .wpb_column.vc_column_container.vc_column_container_footer.vc_col-sm-12 .vc_column-inner {\n        height: auto !important;\n        min-height: auto !important;\n        padding: 20px 10px !important;\n        margin-bottom: 20px !important;\n        display: block !important;\n        overflow: visible !important;\n    }\n    \n    \/* Forcer les \u00e9l\u00e9ments du formulaire en vertical *\/\n    .vc_column-inner.newsletter form,\n    .vc_column-inner.newsletter form div,\n    .vc_column-inner.newsletter form div div,\n    .vc_column-inner.newsletter form p {\n        display: block !important;\n        width: 100% !important;\n        text-align: center !important;\n        margin: 0 !important;\n        padding: 5px 0 !important;\n    }\n    \n    \/* Input et bouton en mode empil\u00e9 *\/\n    input.newsletter {\n        width: 80% !important;\n        margin: 0 auto 15px auto !important;\n        display: block !important;\n    }\n    \n    button.button_newsletter {\n        margin: 0 auto !important;\n        display: block !important;\n        width: fit-content !important;\n    }\n    \n    \/* Espacement entre sections *\/\n    #footer-global {\n        margin-bottom: 20px !important;\n    }\n    \n    #partenaires {\n        margin-top: 20px !important;\n        clear: both !important;\n    }\n}\n\n\n            <\/style>\n        <\/div>\n    <\/div>\n<\/div>\n<\/div>\n<\/div>[\/vc_column_text][\/vc_column][\/vc_row]<\/p>\n<\/div>","protected":false},"excerpt":{"rendered":"<p>Si le Sri Lanka \u00e9tait une saveur, ce serait celle d\u2019un curry au lait de coco, un parfum : celui \u00e9manant du jasmin \u00e0 la nuit tomb\u00e9e, une vue : celle de la brume s\u2019\u00e9levant des vagues le long des c\u00f4tes verdoyantes, un son : le chant des oiseaux \u00e0 l\u2019aube dans les for\u00eats tropicales, une caresse : celle des mains qui roulent sur la peau le temps d\u2019un massage ayurv\u00e9dique. <\/p>\n","protected":false},"featured_media":52928,"template":"","tag_pays":[33],"tag_thematique":[135],"tag_auteur":[144],"acf":[],"yoast_head":"<!-- This site is optimized with the Yoast SEO plugin v21.5 - https:\/\/yoast.com\/wordpress\/plugins\/seo\/ -->\n<title>Sri Lanka : L&#039;\u00e9veil des 5 sens | Au Tigre Vanill\u00e9, voyage sur mesure<\/title>\n<meta name=\"description\" content=\"Si le Sri Lanka \u00e9tait une saveur, ce serait celle d\u2019un curry au lait de coco, un parfum : celui \u00e9manant du jasmin \u00e0 la nuit tomb\u00e9e...\" \/>\n<meta name=\"robots\" content=\"index, follow, max-snippet:-1, max-image-preview:large, max-video-preview:-1\" \/>\n<link rel=\"canonical\" href=\"https:\/\/www.autigrevanille.ch\/fr\/blog\/sri-lanka-leveil-des-cinq-sens\/\" \/>\n<meta property=\"og:locale\" content=\"fr_FR\" \/>\n<meta property=\"og:type\" content=\"article\" \/>\n<meta property=\"og:title\" content=\"Sri Lanka : L&#039;\u00e9veil des 5 sens | Au Tigre Vanill\u00e9, voyage sur mesure\" \/>\n<meta property=\"og:description\" content=\"Si le Sri Lanka \u00e9tait une saveur, ce serait celle d\u2019un curry au lait de coco, un parfum : celui \u00e9manant du jasmin \u00e0 la nuit tomb\u00e9e...\" \/>\n<meta property=\"og:url\" content=\"https:\/\/www.autigrevanille.ch\/fr\/blog\/sri-lanka-leveil-des-cinq-sens\/\" \/>\n<meta property=\"og:site_name\" content=\"Au Tigre Vanill\u00e9, agence de voyages sur mesure\" \/>\n<meta property=\"article:publisher\" content=\"https:\/\/www.facebook.com\/autigrevanille\" \/>\n<meta property=\"article:modified_time\" content=\"2022-04-05T14:34:43+00:00\" \/>\n<meta property=\"og:image\" content=\"https:\/\/www.autigrevanille.ch\/wp-content\/uploads\/2021\/06\/sri-lanka-cinq-sens-bouddha-allonge.jpeg\" \/>\n\t<meta property=\"og:image:width\" content=\"1200\" \/>\n\t<meta property=\"og:image:height\" content=\"821\" \/>\n\t<meta property=\"og:image:type\" content=\"image\/jpeg\" \/>\n<meta name=\"twitter:card\" content=\"summary_large_image\" \/>\n<script type=\"application\/ld+json\" class=\"yoast-schema-graph\">{\"@context\":\"https:\/\/schema.org\",\"@graph\":[{\"@type\":\"WebPage\",\"@id\":\"https:\/\/www.autigrevanille.ch\/fr\/blog\/sri-lanka-leveil-des-cinq-sens\/\",\"url\":\"https:\/\/www.autigrevanille.ch\/fr\/blog\/sri-lanka-leveil-des-cinq-sens\/\",\"name\":\"Sri Lanka : L'\u00e9veil des 5 sens | Au Tigre Vanill\u00e9, voyage sur mesure\",\"isPartOf\":{\"@id\":\"https:\/\/www.autigrevanille.ch\/fr\/#website\"},\"datePublished\":\"2021-10-27T12:54:43+00:00\",\"dateModified\":\"2022-04-05T14:34:43+00:00\",\"description\":\"Si le Sri Lanka \u00e9tait une saveur, ce serait celle d\u2019un curry au lait de coco, un parfum : celui \u00e9manant du jasmin \u00e0 la nuit tomb\u00e9e...\",\"breadcrumb\":{\"@id\":\"https:\/\/www.autigrevanille.ch\/fr\/blog\/sri-lanka-leveil-des-cinq-sens\/#breadcrumb\"},\"inLanguage\":\"fr-FR\",\"potentialAction\":[{\"@type\":\"ReadAction\",\"target\":[\"https:\/\/www.autigrevanille.ch\/fr\/blog\/sri-lanka-leveil-des-cinq-sens\/\"]}]},{\"@type\":\"BreadcrumbList\",\"@id\":\"https:\/\/www.autigrevanille.ch\/fr\/blog\/sri-lanka-leveil-des-cinq-sens\/#breadcrumb\",\"itemListElement\":[{\"@type\":\"ListItem\",\"position\":1,\"name\":\"Accueil\",\"item\":\"https:\/\/www.autigrevanille.ch\/fr\/\"},{\"@type\":\"ListItem\",\"position\":2,\"name\":\"L&rsquo;\u00e9veil des cinq sens\"}]},{\"@type\":\"WebSite\",\"@id\":\"https:\/\/www.autigrevanille.ch\/fr\/#website\",\"url\":\"https:\/\/www.autigrevanille.ch\/fr\/\",\"name\":\"Au Tigre Vanill\u00e9, agence de voyages sur mesure\",\"description\":\"Agence de voyages d&#039;exception et sur mesure\",\"publisher\":{\"@id\":\"https:\/\/www.autigrevanille.ch\/fr\/#organization\"},\"potentialAction\":[{\"@type\":\"SearchAction\",\"target\":{\"@type\":\"EntryPoint\",\"urlTemplate\":\"https:\/\/www.autigrevanille.ch\/fr\/?s={search_term_string}\"},\"query-input\":\"required name=search_term_string\"}],\"inLanguage\":\"fr-FR\"},{\"@type\":\"Organization\",\"@id\":\"https:\/\/www.autigrevanille.ch\/fr\/#organization\",\"name\":\"Au Tigre Vanill\u00e9\",\"url\":\"https:\/\/www.autigrevanille.ch\/fr\/\",\"logo\":{\"@type\":\"ImageObject\",\"inLanguage\":\"fr-FR\",\"@id\":\"https:\/\/www.autigrevanille.ch\/fr\/#\/schema\/logo\/image\/\",\"url\":\"https:\/\/www.autigrevanille.ch\/wp-content\/uploads\/2018\/08\/Logo_ATV_300x276.png\",\"contentUrl\":\"https:\/\/www.autigrevanille.ch\/wp-content\/uploads\/2018\/08\/Logo_ATV_300x276.png\",\"width\":300,\"height\":276,\"caption\":\"Au Tigre Vanill\u00e9\"},\"image\":{\"@id\":\"https:\/\/www.autigrevanille.ch\/fr\/#\/schema\/logo\/image\/\"},\"sameAs\":[\"https:\/\/www.facebook.com\/autigrevanille\",\"https:\/\/www.instagram.com\/autigrevanille\",\"https:\/\/www.linkedin.com\/company\/autigrevanille\/\"]}]}<\/script>\n<!-- \/ Yoast SEO plugin. -->","yoast_head_json":{"title":"Sri Lanka : L'\u00e9veil des 5 sens | Au Tigre Vanill\u00e9, voyage sur mesure","description":"Si le Sri Lanka \u00e9tait une saveur, ce serait celle d\u2019un curry au lait de coco, un parfum : celui \u00e9manant du jasmin \u00e0 la nuit tomb\u00e9e...","robots":{"index":"index","follow":"follow","max-snippet":"max-snippet:-1","max-image-preview":"max-image-preview:large","max-video-preview":"max-video-preview:-1"},"canonical":"https:\/\/www.autigrevanille.ch\/fr\/blog\/sri-lanka-leveil-des-cinq-sens\/","og_locale":"fr_FR","og_type":"article","og_title":"Sri Lanka : L'\u00e9veil des 5 sens | Au Tigre Vanill\u00e9, voyage sur mesure","og_description":"Si le Sri Lanka \u00e9tait une saveur, ce serait celle d\u2019un curry au lait de coco, un parfum : celui \u00e9manant du jasmin \u00e0 la nuit tomb\u00e9e...","og_url":"https:\/\/www.autigrevanille.ch\/fr\/blog\/sri-lanka-leveil-des-cinq-sens\/","og_site_name":"Au Tigre Vanill\u00e9, agence de voyages sur mesure","article_publisher":"https:\/\/www.facebook.com\/autigrevanille","article_modified_time":"2022-04-05T14:34:43+00:00","og_image":[{"width":1200,"height":821,"url":"https:\/\/www.autigrevanille.ch\/wp-content\/uploads\/2021\/06\/sri-lanka-cinq-sens-bouddha-allonge.jpeg","type":"image\/jpeg"}],"twitter_card":"summary_large_image","schema":{"@context":"https:\/\/schema.org","@graph":[{"@type":"WebPage","@id":"https:\/\/www.autigrevanille.ch\/fr\/blog\/sri-lanka-leveil-des-cinq-sens\/","url":"https:\/\/www.autigrevanille.ch\/fr\/blog\/sri-lanka-leveil-des-cinq-sens\/","name":"Sri Lanka : L'\u00e9veil des 5 sens | Au Tigre Vanill\u00e9, voyage sur mesure","isPartOf":{"@id":"https:\/\/www.autigrevanille.ch\/fr\/#website"},"datePublished":"2021-10-27T12:54:43+00:00","dateModified":"2022-04-05T14:34:43+00:00","description":"Si le Sri Lanka \u00e9tait une saveur, ce serait celle d\u2019un curry au lait de coco, un parfum : celui \u00e9manant du jasmin \u00e0 la nuit tomb\u00e9e...","breadcrumb":{"@id":"https:\/\/www.autigrevanille.ch\/fr\/blog\/sri-lanka-leveil-des-cinq-sens\/#breadcrumb"},"inLanguage":"fr-FR","potentialAction":[{"@type":"ReadAction","target":["https:\/\/www.autigrevanille.ch\/fr\/blog\/sri-lanka-leveil-des-cinq-sens\/"]}]},{"@type":"BreadcrumbList","@id":"https:\/\/www.autigrevanille.ch\/fr\/blog\/sri-lanka-leveil-des-cinq-sens\/#breadcrumb","itemListElement":[{"@type":"ListItem","position":1,"name":"Accueil","item":"https:\/\/www.autigrevanille.ch\/fr\/"},{"@type":"ListItem","position":2,"name":"L&rsquo;\u00e9veil des cinq sens"}]},{"@type":"WebSite","@id":"https:\/\/www.autigrevanille.ch\/fr\/#website","url":"https:\/\/www.autigrevanille.ch\/fr\/","name":"Au Tigre Vanill\u00e9, agence de voyages sur mesure","description":"Agence de voyages d&#039;exception et sur mesure","publisher":{"@id":"https:\/\/www.autigrevanille.ch\/fr\/#organization"},"potentialAction":[{"@type":"SearchAction","target":{"@type":"EntryPoint","urlTemplate":"https:\/\/www.autigrevanille.ch\/fr\/?s={search_term_string}"},"query-input":"required name=search_term_string"}],"inLanguage":"fr-FR"},{"@type":"Organization","@id":"https:\/\/www.autigrevanille.ch\/fr\/#organization","name":"Au Tigre Vanill\u00e9","url":"https:\/\/www.autigrevanille.ch\/fr\/","logo":{"@type":"ImageObject","inLanguage":"fr-FR","@id":"https:\/\/www.autigrevanille.ch\/fr\/#\/schema\/logo\/image\/","url":"https:\/\/www.autigrevanille.ch\/wp-content\/uploads\/2018\/08\/Logo_ATV_300x276.png","contentUrl":"https:\/\/www.autigrevanille.ch\/wp-content\/uploads\/2018\/08\/Logo_ATV_300x276.png","width":300,"height":276,"caption":"Au Tigre Vanill\u00e9"},"image":{"@id":"https:\/\/www.autigrevanille.ch\/fr\/#\/schema\/logo\/image\/"},"sameAs":["https:\/\/www.facebook.com\/autigrevanille","https:\/\/www.instagram.com\/autigrevanille","https:\/\/www.linkedin.com\/company\/autigrevanille\/"]}]}},"_links":{"self":[{"href":"https:\/\/www.autigrevanille.ch\/fr\/wp-json\/wp\/v2\/blog\/52923"}],"collection":[{"href":"https:\/\/www.autigrevanille.ch\/fr\/wp-json\/wp\/v2\/blog"}],"about":[{"href":"https:\/\/www.autigrevanille.ch\/fr\/wp-json\/wp\/v2\/types\/blog"}],"version-history":[{"count":3,"href":"https:\/\/www.autigrevanille.ch\/fr\/wp-json\/wp\/v2\/blog\/52923\/revisions"}],"predecessor-version":[{"id":55079,"href":"https:\/\/www.autigrevanille.ch\/fr\/wp-json\/wp\/v2\/blog\/52923\/revisions\/55079"}],"wp:featuredmedia":[{"embeddable":true,"href":"https:\/\/www.autigrevanille.ch\/fr\/wp-json\/wp\/v2\/media\/52928"}],"wp:attachment":[{"href":"https:\/\/www.autigrevanille.ch\/fr\/wp-json\/wp\/v2\/media?parent=52923"}],"wp:term":[{"taxonomy":"tag_pays","embeddable":true,"href":"https:\/\/www.autigrevanille.ch\/fr\/wp-json\/wp\/v2\/tag_pays?post=52923"},{"taxonomy":"tag_thematique","embeddable":true,"href":"https:\/\/www.autigrevanille.ch\/fr\/wp-json\/wp\/v2\/tag_thematique?post=52923"},{"taxonomy":"tag_auteur","embeddable":true,"href":"https:\/\/www.autigrevanille.ch\/fr\/wp-json\/wp\/v2\/tag_auteur?post=52923"}],"curies":[{"name":"wp","href":"https:\/\/api.w.org\/{rel}","templated":true}]}}