 {"id":53923,"date":"2022-01-24T16:53:51","date_gmt":"2022-01-24T15:53:51","guid":{"rendered":"https:\/\/www.autigrevanille.ch\/fr\/?post_type=blog&#038;p=53923"},"modified":"2025-07-30T12:50:59","modified_gmt":"2025-07-30T10:50:59","slug":"aurores-boreales-laponie","status":"publish","type":"blog","link":"https:\/\/www.autigrevanille.ch\/fr\/blog\/aurores-boreales-laponie\/","title":{"rendered":"O\u00f9 et comment voir des aurores bor\u00e9ales en Laponie ?"},"content":{"rendered":"<div class=\"wpb-content-wrapper\"><p>[vc_row css=\".vc_custom_1540993069512{margin-top: 0px !important;margin-right: 0px !important;margin-bottom: 0px !important;margin-left: 0px !important;padding-top: 0px !important;padding-right: 0px !important;padding-bottom: 0px !important;padding-left: 0px !important;}\"][vc_column css=\".vc_custom_1540993109373{padding-right: 0px !important;padding-left: 0px !important;}\"][vc_column_text]<div id=\"blog-header\" class=\"header-banniere-blog\">\n  \t<div>\n      <span class=\"titre-principal-blog\">Le blog de voyage <br>du Tigre<\/span>\n  \t<\/div>\n<\/div>\n[\/vc_column_text][vc_column_text]<script type=\"application\/ld+json\">\n{\n  \"@context\" : \"http:\/\/schema.org\",\n  \"@type\" : \"Article\",\n  \"name\" : \"O\u00f9 et comment voir des aurores bor\u00e9ales en Laponie ?\",\n  \"headline\" : \"L\u2019aurore bor\u00e9ale est certainement le spectacle cosmique le plus incroyable qu\u2019on puisse voir depuis la Terre. Et contrairement \u00e0 ce que certains pourraient penser, il n\u2019est pas n\u00e9cessaire de pr\u00e9parer une exp\u00e9dition au P\u00f4le Nord pour les observer, mais il suffit d\u2019un petit tour en Scandinavie (en Laponie su\u00e9doise par exemple) en possession de quelques informations essentielles pour en prendre plein les yeux ; informations qu\u2019on vous r\u00e9sume dans cet article !\",\n  \"author\" : {\n    \"@type\" : \"Person\",\n    \"name\" : \"Au Tigre Vanill\u00e9\",\n    \"url\" : \"https:\/\/www.autigrevanille.ch\/fr\/specialiste-voyage\/Au Tigre Vanill\u00e9\"\n  },\n  \"datePublished\" : \"24 janvier 2022\",\n  \"articleSection\" : \"Destination\",\n  \"image\": [\n        \"https:\/\/www.autigrevanille.ch\/wp-content\/uploads\/2021\/08\/article-blog-aurore-boreale-laponie-suedoise-ciel-800x547.jpg\"\n      ],\n  \"publisher\": {\n        \"@type\": \"Organization\",\n        \"name\": \"Au Tigre Vanill\u00e9\",\n        \"logo\": {\n          \"@type\": \"ImageObject\",\n          \"url\": \"https:\/\/www.autigrevanille.ch\/wp-content\/uploads\/2018\/08\/logo.png\"\n        }\n}\n}\n<\/script>\n\n<div id=\"article-introduction\">\n    \n    <a class=\"retour-liste-articles\" href=\"https:\/\/www.autigrevanille.ch\/fr\/blog\/\">Retour \u00e0 la liste des articles<\/a><br>\n    <br><br><br>\n    \n      <span class=\"blog-article-tags-pays\">Su\u00e8de<\/span> \u00a0\n      \n    <br>\n  \n    \t<span class=\"blog-article-tag-themathique\">Destination<\/span><br>\n\n      <h1 class=\"blog-titre-article\">O\u00f9 et comment voir des aurores bor\u00e9ales en Laponie ?<\/h1>\n      <span class=\"blog-date-article\">24 janvier 2022<\/span> \n    \n    <div class=\"blog-article-auteur\">\n      \t <img decoding=\"async\" class=\"blog-article-auteur-img\" src=\"https:\/\/www.autigrevanille.ch\/wp-content\/uploads\/2018\/08\/logo-300x276-2.png\">\n      <div class=\"auteur-container\">\n        <a class=\"blog-article-nom-auteur\" href=\"\/fr\/specialiste-voyage\/Au Tigre Vanill\u00e9\">Au Tigre Vanill\u00e9<\/a><br>\n        \n        \n        \n \n      <\/div>\n    <\/div>\n\n    [\/vc_column_text][\/vc_column][\/vc_row][vc_row el_class=\"content-container\"][vc_column][vc_raw_html el_class=\"featured\"]JTVCZmVhdHVyZWQlNUQ=[\/vc_raw_html][vc_column_text css=\"\" el_class=\"blog-text-bloc\"]L\u2019aurore bor\u00e9ale est certainement le spectacle cosmique le plus incroyable qu\u2019on puisse voir depuis la Terre. Et contrairement \u00e0 ce que certains pourraient penser, il n\u2019est pas n\u00e9cessaire de pr\u00e9parer une exp\u00e9dition au P\u00f4le Nord pour les observer, mais il suffit d\u2019un petit tour en Scandinavie, lors d'un voyage en Laponie su\u00e9doise par exemple, et de quelques informations essentielles pour en prendre plein les yeux.[\/vc_column_text][vc_column_text el_class=\"blog-text-bloc\"]<\/p>\n<h2 class=\"vc_custom_heading vc_custom_1613664455491\">Qu\u2019est-ce qu\u2019une aurore bor\u00e9ale ?<\/h2>\n<p>Tout commence \u00e0 la surface du soleil o\u00f9 r\u00e8gne une ambiance particuli\u00e8rement chaotique. R\u00e9guli\u00e8rement, d\u2019importantes \u00e9ruptions propulsent des particules dans toutes les directions \u00e0 des vitesses vertigineuses. Celles-ci arrivent parfois jusqu\u2019\u00e0 la Terre o\u00f9 elles entrent en collision avec son champ magn\u00e9tique et la haute atmosph\u00e8re. C\u2019est \u00e0 ce moment que la magie se produit : la rencontre entre particules solaires et particules atmosph\u00e9riques engendre les couleurs qui forment les fameuses aurores polaires ![\/vc_column_text][vc_single_image image=\"53928\" img_size=\"medium\"][vc_column_text css=\"\" el_class=\"blog-text-bloc\"]<\/p>\n<h2 class=\"vc_custom_heading vc_custom_1613648947154\">O\u00f9 voir des aurores bor\u00e9ales ?<\/h2>\n<p>En raison du magn\u00e9tisme des p\u00f4les terrestres, ce spectacle cosmique n\u2019a lieu qu\u2019autour du cercle arctique et antarctique. A de tr\u00e8s rares occasions, il peut \u00e9galement \u00eatre aper\u00e7u dans des latitudes plus basses lors d\u2019\u00e9ruptions tr\u00e8s violentes, mais cela reste tr\u00e8s tr\u00e8s rare. Ce sera donc soit tr\u00e8s au Nord, ou alors tr\u00e8s au Sud. Mais l\u2019Antarctique \u00e9tant bien moins accessible que les r\u00e9gions du Nord du globe \u2013 Norv\u00e8ge, Finlande, Su\u00e8de, Islande, Canada, Russie, Groenland \u2013 on privil\u00e9giera donc plut\u00f4t ces derni\u00e8res.<\/p>\n<p>En tant que sp\u00e9cialistes de la Su\u00e8de, on vous orientera naturellement vers la Laponie. L'occasion de coupler l'observation des aurores bor\u00e9ales avec de nombreuses activit\u00e9s : promenades en chien de traineau, rencontre avec les Samis ou encore survol de la r\u00e9gion en montgolfi\u00e8re. Consultez \u00e9galement notre s\u00e9lection d'adresses insolites pour des nuits inoubliables ![\/vc_column_text][vc_single_image image=\"53930\" img_size=\"medium\"][vc_column_text el_class=\"blog-text-bloc\"]<\/p>\n<h2>Quel est le meilleur moment pour observer des aurores bor\u00e9ales ?<\/h2>\n<p>Th\u00e9oriquement parlant, les aurores bor\u00e9ales ont lieu tout au long de l\u2019ann\u00e9e, mais on ne pourra les voir que de nuit. Et \u00e9tant donn\u00e9 qu'au-dessus du cercle polaire arctique le soleil ne se couche pratiquement pas l'\u00e9t\u00e9, question saison, on privil\u00e9giera donc la fin d\u2019automne et l'hiver ; des p\u00e9riodes o\u00f9 les nuits sont longues et donc propices \u00e0 l'observation du ciel.<\/p>\n<p>On sera donc tent\u00e9 d\u2019y aller en plein mois de d\u00e9cembre, mais il faut aussi garder \u00e0 l\u2019esprit qu\u2019autour de la p\u00e9riode de No\u00ebl la Laponie est plong\u00e9e dans les t\u00e9n\u00e8bres presque toute la journ\u00e9e. Vous verrez donc s\u00fbrement plus d\u2019aurores bor\u00e9ales durant cette p\u00e9riode, mais si vous souhaitez \u00e9galement visiter la r\u00e9gion de jour pour faire du chien de traineaux ou d\u2019autres activit\u00e9s dans la r\u00e9gion, ce n\u2019est peut-\u00eatre pas une bonne id\u00e9e d\u2019y aller \u00e0 ce moment-l\u00e0. Privil\u00e9giez plut\u00f4t les mois de f\u00e9vrier et de mars, ou le mois de novembre, vous aurez ainsi le temps d\u2019admirer la r\u00e9gion de jour (consultez les <a href=\"https:\/\/www.sunrise-and-sunset.com\/fr\/sun\/su%C3%A8de\/gaellivare\">heures de lever et de coucher du soleil en Laponie su\u00e9doise<\/a> pour vous faire une id\u00e9e du temps de \"jour\" \u00e0 disposition).[\/vc_column_text][\/vc_column][\/vc_row][vc_row el_class=\"content-container\"][vc_column][vc_column_text el_class=\"blog-text-bloc\"]Sachez aussi que le soleil vit selon des cycles de 11 \u00e0 12 ans qui ont un impact direct sur l\u2019intensit\u00e9 des aurores bor\u00e9ales. La derni\u00e8re p\u00e9riode a d\u00e9but\u00e9 en 2008 et s'est achev\u00e9e en 2019, ponctu\u00e9e de deux pics de forte intensit\u00e9 : le premier en 2011 et le second en 2014. Le cycle dans lequel nous nous trouvons actuellement s\u2019\u00e9tend de 2019 \u00e0 2031, avec un pic attendu en 2025. Nous sommes donc dans une bonne p\u00e9riode avec une intensit\u00e9 qui devrait aller crescendo !<\/p>\n<p>Enfin, les aurores bor\u00e9ales sont un ph\u00e9nom\u00e8ne quotidien et en restant une semaine sur place vous devriez avoir de tr\u00e8s grandes chances d\u2019en voir. Votre plus grand ennemi restent les nuages qui risquent de faire barri\u00e8re entre le ciel et vous-m\u00eame.[\/vc_column_text][vc_single_image image=\"53929\" img_size=\"medium\"][vc_column_text el_class=\"blog-text-bloc\"]<\/p>\n<h2>Les aurores bor\u00e9ales sont-elles pr\u00e9visibles ?<\/h2>\n<p>Oui ! Sachant que les particules \u00e9ject\u00e9es par les \u00e9ruptions solaires mettent deux \u00e0 trois jours \u00e0 arriver sur Terre, et que ces ph\u00e9nom\u00e8nes sont observ\u00e9s et document\u00e9s au quotidien par des communaut\u00e9s scientifiques, il est possible de se faire une id\u00e9e de l\u2019\u00e9tat du ciel de ces prochaines nuits.<\/p>\n<p>Ces donn\u00e9es sont rendues publiques et de nombreuses applications les utilisent pour fournir des pr\u00e9visions d\u2019aurores bor\u00e9ales. L\u2019Universit\u00e9 d\u2019Alaska Fairbanks, par exemple, propose un <a href=\"http:\/\/www.gi.alaska.edu\/AuroraForecast\">service de \u00ab Aurora forecast \u00bb<\/a> sur son site et l\u2019on trouvera de nombreuses applications sur le \u00ab <a href=\"https:\/\/play.google.com\/store\/search?q=aurora%20forecast\">Play Store<\/a> \u00bb ou l\u2019 \u00ab <a href=\"https:\/\/apps.apple.com\/us\/app\/my-aurora-forecast-alerts\/id1073082439\">App Store<\/a> \u00bb qui font la m\u00eame chose.<\/p>\n<p>Ces outils peuvent vous aider \u00e0 planifier vos sorties nocturnes si vous les couplez \u00e0 un un bon service de m\u00e9t\u00e9orologie scandinave pour vous renseigner sur l'\u00e9tat du ciel ! (<a href=\"https:\/\/www.yr.no\/en\">le service de l\u2019institut de m\u00e9t\u00e9orologie norv\u00e9gien<\/a> est excellent pour toute la Scandinavie).[\/vc_column_text][vc_single_image image=\"53933\" img_size=\"medium\"][vc_column_text el_class=\"blog-text-bloc\"]<\/p>\n<h2>D\u2019autres questions ?<\/h2>\n<p>La premi\u00e8re fois qu\u2019on se retrouve face \u00e0 des aurores bor\u00e9ales, il peut arriver qu\u2019on se pose de nombreuses de questions auxquelles on ne trouve pas forc\u00e9ment de r\u00e9ponse. En voici quelques-unes auxquelles on r\u00e9pondra au moyen de notre exp\u00e9rience sur place :<\/p>\n<h3>Le soir, quelles sont les heures privil\u00e9gi\u00e9es pour voir des aurores bor\u00e9ales ?<\/h3>\n<p>- Il n\u2019y en a pas vraiment : plus il fait nuit, mieux on les verra.<\/p>\n<h3>Y a-t-il un endroit du ciel o\u00f9 elles apparaissent plus volontiers qu\u2019ailleurs ?<\/h3>\n<p>- Elles peuvent appara\u00eetre autant \u00e0 l\u2019horizon qu\u2019au z\u00e9nith, derri\u00e8re vous, devant vous\u2026 En bref, un peu partout o\u00f9 il y a du ciel, et il vous arrivera peut-\u00eatre d\u2019en voir plusieurs en m\u00eame temps. Regardez donc partout !<\/p>\n<h3>La lueur d\u2019une pleine lune peut-elle emp\u00eacher l\u2019observation des aurores bor\u00e9ales ?<\/h3>\n<p>- Dans le cas de l\u2019observation des \u00e9toiles, la pleine lune rendra la visibilit\u00e9 plus difficile, et il semblerait que ce soit le m\u00eame sc\u00e9nario avec les aurores bor\u00e9ales. Toutefois, par exp\u00e9rience, m\u00eame la pr\u00e9sence d\u2019une pleine lune ne nous a pas emp\u00each\u00e9 d\u2019en voir de tr\u00e8s intenses.[\/vc_column_text][vc_column_text el_class=\"blog-text-bloc\"]<\/p>\n<h3>Comment prendre des aurores bor\u00e9ales en photo ?<\/h3>\n<p>- Il est n\u00e9cessaire d\u2019avoir un appareil qui permette de capturer des clich\u00e9s en longue exposition (en r\u00e9glant la vitesse d\u2019obturation sur un support stable, comme un tr\u00e9pied). L\u2019intensit\u00e9 lumineuse du ph\u00e9nom\u00e8ne \u00e9tant en effet trop faible pour s\u2019imprimer sur le capteur d\u2019un appareil photo en une fraction de seconde, il est indispensable de faire appel \u00e0 cette technique. (Pour plus d\u2019informations, consulter <a href=\"https:\/\/www.adobe.com\/ch_fr\/creativecloud\/photography\/discover\/long-exposure-photography.html\">cet article d\u2019Adobe<\/a>).<\/p>\n<h3>Pourquoi les aurores bor\u00e9ales ont parfois des couleurs diff\u00e9rentes ?<\/h3>\n<p>Les couleurs des aurores bor\u00e9ales peuvent aller du vert au mauve en passant par le bleu et le rouge. Ces couleurs d\u00e9pendent de nombreux facteurs, dont la composition des gaz qui se trouvent dans l\u2019atmosph\u00e8re terrestre, ou encore l\u2019altitude \u00e0 laquelle le ph\u00e9nom\u00e8ne se produit (pour plus d\u2019informations, consulter <a href=\"https:\/\/www.asc-csa.gc.ca\/fra\/astronomie\/aurores-boreales\/couleurs-des-aurores-boreales.asp\">cet article de l\u2019agence spatiale canadienne<\/a>)<\/p>\n<h3>Est-ce vraiment aussi beau que sur les photos ?<\/h3>\n<p>Il est vrai que les photographes retouchent souvent leurs clich\u00e9s\u2026 Mais en toute honn\u00eatet\u00e9, dans le cas d\u2019une nuit d\u2019activit\u00e9 cosmique intense, le spectacle est certainement bien plus beau encore que celui que laissent para\u00eetre les photos. Ce que ne montrent pas les photos, par exemple, c\u2019est l\u2019ondulation des aurores bor\u00e9ales qui bougent parfois \u00e0 une vitesse impressionnante ! Mais il y a \u00e9galement l\u2019excitation de les voir se former dans le ciel, de les voir bouger, puis dispara\u00eetre ; les nuances subtiles dans les couleurs ; l\u2019attente entre deux aurores bor\u00e9ales et les moments pass\u00e9s entre famille, ou amis, \u00e0 l'ext\u00e9rieur, dans de vastes plaines d\u00e9sertes et silencieuses, le nez en l\u2019air \u00e0 l\u2019affut de la prochaine aurore\u2026 A notre sens, le ph\u00e9nom\u00e8ne n\u2019est pas du tout surestim\u00e9 ![\/vc_column_text][\/vc_column][\/vc_row][vc_row css=\".vc_custom_1543506218851{margin-top: 0px !important;margin-right: 0px !important;margin-bottom: 0px !important;margin-left: 0px !important;border-bottom-width: 0px !important;padding-top: 0px !important;padding-right: 0px !important;padding-bottom: 0px !important;padding-left: 0px !important;}\"][vc_column css=\".vc_custom_1543506208724{margin-top: 0px !important;margin-right: 0px !important;margin-bottom: 0px !important;padding-top: 0px !important;padding-right: 0px !important;padding-bottom: 0px !important;padding-left: 0px !important;}\"][vc_column_text css=\".vc_custom_1543506527672{margin-top: 0px !important;margin-bottom: 0px !important;border-bottom-width: 0px !important;padding-top: 0px !important;}\"]<div class=\"wpb-content-wrapper\">\n<div class=\"tb-fields-and-text\" data-toolset-blocks-fields-and-text=\"3e1d2592ce20bdf2bf813c9dfa44c991\">\n    <div class=\"wpb_text_column wpb_content_element vc_custom_1543505395542\">\n        <div class=\"wpb_wrapper\">\n            <div id=\"footer-bloc\" class=\"vc_row wpb_row vc_row-fluid vc_custom_1615999363964\">\n                <div class=\"wpb_column vc_column_container vc_column_container_footer vc_col-sm-12\">\n                    <div class=\"vc_column-inner vc_custom_1534760528264\">\n                        <div class=\"wpb_wrapper\">\n                            <div class=\"vc_row wpb_row vc_inner vc_row-fluid vc_custom_1549890561333 vc_row-has-fill\">\n                                <div class=\"wpb_column vc_column_container vc_col-sm-12\">\n                                    <div class=\"vc_column-inner vc_custom_1537963523850\">\n                                        <div class=\"wpb_wrapper\">\n                                            <div\n                                                class=\"vc_separator wpb_content_element vc_separator_align_center vc_sep_width_100 vc_sep_double vc_sep_pos_align_center titreSeparateur vc_separator-has-text\">\n                                                <span class=\"vc_sep_holder vc_sep_holder_l\" style=\"display: flex;\"><span\n                                                        style=\"border-color:#aa956d;\"\n                                                        class=\"vc_sep_line\">\u00a0<\/span>\u00a0<\/span>\n                                                <h2 style=\"display: flex;\">POURQUOI FAIRE CONFIANCE<br \/>AU TIGRE\n                                                    VANILL\u00c9<\/h2>\n                                                <p style=\"display: contents;\"><span\n                                                        class=\"vc_sep_holder vc_sep_holder_l\" style=\"display: flex;\">\n                                                        <span style=\"border-color:#aa956d;\" class=\"vc_sep_line\">\n                                                        <\/span>\n                                                    <\/span>\n                                                <\/p>\n                                            <\/div>\n                                            <div class=\"vc_empty_space hidden-sm hidden-xs\" style=\"height: 52px;\"><\/div>\n                                        <\/div>\n                                    <\/div>\n                                <\/div>\n                            <\/div>\n                            <div class=\"vc_row wpb_row vc_inner vc_row-fluid vc_custom_1549890597043 vc_row-has-fill\">\n                                <div class=\"col-sm-3 col-xs-6 wpb_column vc_column_container vc_col-sm-3\">\n                                    <div class=\"vc_column-inner\">\n                                        <div class=\"wpb_wrapper\">\n                                            <div class=\"wpb_single_image wpb_content_element vc_align_center small\">\n                                                <figure class=\"wpb_wrapper vc_figure\">\n                                                    <div class=\"vc_single_image-wrapper vc_box_border_grey\"><img decoding=\"async\" loading=\"lazy\"\n                                                            class=\"vc_single_image-img attachment-full lazy loaded\"\n                                                            src=\"https:\/\/www.autigrevanille.ch\/wp-content\/uploads\/2022\/12\/Picto-Nos-Experts-Voyages.jpg\"\n                                                            alt=\"Pictogramme de loupe\" width=\"300\" height=\"200\"\n                                                            data-src=\"https:\/\/www.autigrevanille.ch\/wp-content\/uploads\/2022\/12\/Picto-Nos-Experts-Voyages.jpg\" \/>\n                                                    <\/div>\n                                                <\/figure>\n                                            <\/div>\n                                            <div class=\"wpb_text_column wpb_content_element PaysConfiance\">\n                                                <div class=\"wpb_wrapper\">\n                                                    <p style=\"text-align: center;\">Nous sommes<strong><br \/>\n                                                        <\/strong>des experts<br \/>\n                                                        de <a\n                                                            href=\"https:\/\/www.autigrevanille.ch\/fr\/destinations\/menu-sur-mesure\/\"><strong>nos\n                                                                destinations.<\/strong><\/a><\/p>\n                                                <\/div>\n                                            <\/div>\n                                        <\/div>\n                                    <\/div>\n                                <\/div>\n                                <div class=\"col-sm-3 col-xs-6 wpb_column vc_column_container vc_col-sm-3\">\n                                    <div class=\"vc_column-inner\">\n                                        <div class=\"wpb_wrapper\">\n                                            <div class=\"wpb_single_image wpb_content_element vc_align_center small\">\n                                                <figure class=\"wpb_wrapper vc_figure\">\n                                                    <div class=\"vc_single_image-wrapper vc_box_border_grey\"><img decoding=\"async\" loading=\"lazy\"\n                                                            class=\"vc_single_image-img attachment-full lazy loaded\"\n                                                            src=\"https:\/\/www.autigrevanille.ch\/wp-content\/uploads\/2022\/04\/picto-vrai-sur-mesure.png\"\n                                                            alt=\"\" width=\"300\" height=\"200\"\n                                                            data-src=\"https:\/\/www.autigrevanille.ch\/wp-content\/uploads\/2022\/04\/picto-vrai-sur-mesure.png\" \/>\n                                                    <\/div>\n                                                <\/figure>\n                                            <\/div>\n                                            <div class=\"wpb_text_column wpb_content_element PaysConfiance\">\n                                                <div class=\"wpb_wrapper\">\n                                                    <p style=\"text-align: center;\"><a\n                                                            href=\"https:\/\/www.autigrevanille.ch\/fr\/a-propos\/agence-de-creation-de-voyages\/\"><strong>Du\n                                                                vrai sur mesure !<\/strong><\/a><br \/>\n                                                        Nous personnalisons<br \/>\n                                                        (vraiment) vos voyages.<\/p>\n                                                <\/div>\n                                            <\/div>\n                                        <\/div>\n                                    <\/div>\n                                <\/div>\n                                <div class=\"col-sm-3 col-xs-6 wpb_column vc_column_container vc_col-sm-3\">\n                                    <div class=\"vc_column-inner\">\n                                        <div class=\"wpb_wrapper\">\n                                            <div class=\"wpb_single_image wpb_content_element vc_align_center small\">\n                                                <figure class=\"wpb_wrapper vc_figure\">\n                                                    <div class=\"vc_single_image-wrapper vc_box_border_grey\"><img decoding=\"async\" loading=\"lazy\"\n                                                            class=\"vc_single_image-img attachment-full lazy loaded\"\n                                                            src=\"https:\/\/www.autigrevanille.ch\/wp-content\/uploads\/2022\/04\/picto-nos-specialistes.png\"\n                                                            alt=\"\" width=\"300\" height=\"200\"\n                                                            data-src=\"https:\/\/www.autigrevanille.ch\/wp-content\/uploads\/2022\/04\/picto-nos-specialistes.png\" \/>\n                                                    <\/div>\n                                                <\/figure>\n                                            <\/div>\n                                            <div class=\"wpb_text_column wpb_content_element PaysConfiance\">\n                                                <div class=\"wpb_wrapper\">\n                                                    <p style=\"text-align: center;\"><a\n                                                            href=\"https:\/\/www.autigrevanille.ch\/fr\/a-propos\/notre-equipe\/\"><strong>Un\n                                                                de nos sp\u00e9cialistes<\/strong><\/a><br \/>\n                                                        vous est d\u00e9di\u00e9 pour<br \/>\n                                                        toute la pr\u00e9paration.<\/p>\n                                                <\/div>\n                                            <\/div>\n                                        <\/div>\n                                    <\/div>\n                                <\/div>\n                                <div class=\"col-sm-3 col-xs-6 wpb_column vc_column_container vc_col-sm-3\">\n                                    <div class=\"vc_column-inner\">\n                                        <div class=\"wpb_wrapper\">\n                                            <div class=\"wpb_single_image wpb_content_element vc_align_center small\">\n                                                <figure class=\"wpb_wrapper vc_figure\">\n                                                    <div class=\"vc_single_image-wrapper vc_box_border_grey\"><img decoding=\"async\" loading=\"lazy\"\n                                                            class=\"vc_single_image-img attachment-full lazy loaded\"\n                                                            src=\"https:\/\/www.autigrevanille.ch\/wp-content\/uploads\/2022\/04\/picto-services-agence.png\"\n                                                            alt=\"\" width=\"300\" height=\"200\"\n                                                            data-src=\"https:\/\/www.autigrevanille.ch\/wp-content\/uploads\/2022\/04\/picto-services-agence.png\" \/>\n                                                    <\/div>\n                                                <\/figure>\n                                            <\/div>\n                                            <div class=\"wpb_text_column wpb_content_element PaysConfiance\">\n                                                <div class=\"wpb_wrapper\">\n                                                    <p style=\"text-align: center;\"><strong><a\n                                                                href=\"https:\/\/www.autigrevanille.ch\/fr\/a-propos\/des-services-personnalises\/\">Nous\n                                                                g\u00e9rons tout<\/a>.<\/strong><br \/>\n                                                        Dans les moindres<br \/>\n                                                        d\u00e9tails.<\/p>\n                                                <\/div>\n                                            <\/div>\n                                        <\/div>\n                                    <\/div>\n                                <\/div>\n                            <\/div>\n                            <div class=\"vc_row wpb_row vc_inner vc_row-fluid vc_custom_1549890605237 vc_row-has-fill\">\n                                <div class=\"wpb_column vc_column_container vc_col-sm-12\">\n                                    <div class=\"vc_column-inner vc_custom_1537887407590\">\n                                        <div class=\"wpb_wrapper\">\n                                            <div class=\"vc_empty_space hidden-sm\" style=\"height: 32px;\"><\/div>\n                                        <\/div>\n                                    <\/div>\n                                <\/div>\n                            <\/div>\n                        <\/div>\n                    <\/div>\n                <\/div>\n            <\/div>\n            <div id=\"footer-global\" class=\"vc_row wpb_row vc_row-fluid vc_custom_1633696329940 vc_row-has-fill\">                \n                <div class=\"wpb_column vc_column_container vc_col-sm-3\">\n                    <div class=\"vc_column-inner\">\n                        <div class=\"wpb_wrapper\">\n                            <div class=\"wpb_text_column wpb_content_element footer\">\n                                <div class=\"wpb_wrapper\">\n                                    <p><strong>QUI SOMMES-NOUS ?<\/strong><\/p>\n                                    <p> <a href=\"https:\/\/www.autigrevanille.ch\/fr\/a-propos\/agence-de-creation-de-voyages\/\">Notre approche<\/a><br \/>\n                                        <a href=\"https:\/\/www.autigrevanille.ch\/fr\/a-propos\/des-services-personnalises\/\">Nos services<\/a><br \/>\n                                        <a href=\"https:\/\/www.autigrevanille.ch\/fr\/a-propos\/notre-equipe\/\">Notre \u00e9quipe<\/a><br \/>\n                                        <a title=\"D\u00e9couvrez toutes nos offres d'emploi\" href=\"https:\/\/www.autigrevanille.ch\/fr\/rejoignez-nous\/\">Rejoignez-nous !<\/a><br><br>\n                                    <\/p>\n                                <\/div>\n                            <\/div>\n                        <\/div>\n                    <\/div>\n                <\/div>\n                <div class=\"wpb_column vc_column_container vc_col-sm-3\">\n                    <div class=\"vc_column-inner\">\n                        <div class=\"wpb_wrapper\">\n                            <div class=\"wpb_text_column wpb_content_element footer\">\n                                <div class=\"wpb_wrapper\">\n                                    <p><strong>LISTES DE MARIAGE<\/strong><\/p>\n                                    <a href=\"https:\/\/www.autigrevanille.ch\/fr\/voyages-de-noces\/\" target=\"_blank\" rel=\"noopener noreferrer\">Voyages de noces<\/a><br \/>\n                                    <a href=\"https:\/\/www.vanillatiger.ch\/fr\/mariages\" target=\"_blank\" rel=\"noopener noreferrer\">Pour les invit\u00e9s<\/a><br \/>\n                                    <a href=\"https:\/\/www.vanillatiger.ch\/clients\/\" target=\"_blank\" rel=\"noopener noreferrer\">Pour les mari\u00e9s<\/a>\n                                <\/div>\n                            <\/div>\n                        <\/div>\n                    <\/div>\n                <\/div>\n                <div class=\"wpb_column vc_column_container vc_col-sm-3\">\n                    <div class=\"vc_column-inner\">\n                        <div class=\"wpb_wrapper\">\n                            <div class=\"wpb_text_column wpb_content_element footer\">\n                                <div class=\"wpb_wrapper\">\n                                    <p><strong>ACCES RAPIDE<\/strong><\/p>\n                                    <p><a class=\"popup_navigation-sur-mesure\" href=\"#\" target=\"_blank\" rel=\"noopener noreferrer\">Nos destinations<\/a><br \/>\n                                        <a href=\"https:\/\/www.autigrevanille.ch\/fr\/voyages-en-petit-groupe\/\" target=\"_blank\" rel=\"noopener noreferrer\">En petit groupe<\/a><br \/>\n                                        <a class=\"popup_selon_vos_envie\" href=\"#\" target=\"_blank\" rel=\"noopener noreferrer\">Selon vos envies<\/a><br \/>\n                                        <a href=\"https:\/\/www.autigrevanille.ch\/fr\/blog\/\" target=\"_blank\" rel=\"noopener noreferrer\">Le blog du Tigre<\/a><br \/>\n                                        <a href=\"https:\/\/www.autigrevanille.ch\/fr\/prise-de-rdv\/?ins_portable=%2B41\" target=\"_blank\" rel=\"noopener noreferrer\">Contact<\/a>\n                                    <\/p>\n                                <\/div>\n                            <\/div>\n                        <\/div>\n                    <\/div>\n                <\/div>\n                <div class=\"wpb_column vc_column_container vc_col-sm-3\">\n                    <div class=\"vc_column-inner\">\n                        <div class=\"wpb_wrapper\">\n                            <a href=\"https:\/\/www.serandipians.com\" rel=\"Site web de Serandipians by Traveller Made noopener\" target=\"_blank\"><img decoding=\"async\" loading=\"lazy\"\n                                    src=\"https:\/\/www.autigrevanille.ch\/wp-content\/uploads\/2022\/02\/Serandipians-by-Traveller-Made_white-800x346.png\"\n                                    alt=\"Logo Serandipians-by-Traveller-Made\" width=\"200\" height=\"86\"\n                                    class=\"size-small\" \/><\/a>\n                        <\/div>\n                    <\/div>\n                <\/div>\n                \n                <div class=\"wpb_column vc_column_container vc_column_container_footer vc_col-sm-12\">\n                    <div class=\"vc_column-inner vc_custom_1534760528264 mainBlockPartenaire\">\n                        <div class=\"wpb_wrapper\">\n                            <div class=\"vc_row wpb_row vc_inner vc_row-fluid vc_custom_1549890561333 vc_row-has-fill\">\n                                <div class=\"wpb_column vc_column_container vc_col-sm-12\">\n                                    <div class=\"vc_column-inner vc_custom_1537963523850 blockPartenaire\">\n                                        <div class=\"wpb_wrapper\">\n                                            <div\n                                                class=\"vc_separator wpb_content_element vc_separator_align_center vc_sep_width_100 vc_sep_double vc_sep_pos_align_center titreSeparateur vc_separator-has-text\">\n                                                \n                                                <h3 class=\"subTitleFooter\" style=\"display: flex;\">Abonnez-vous \u00e0 notre newsletter<\/h3>\n                                               \n                                            <\/div>\n                                            <div class=\"vc_empty_space hidden-sm hidden-xs\" style=\"height: 52px;\"><\/div>\n                                        <\/div>\n                                    <\/div>\n                                <\/div>\n                            <\/div>\n                            <div class=\"vc_row wpb_row vc_inner vc_row-fluid vc_custom_1549890597043 vc_row-has-fill\">\n                                <div class=\"wpb_column vc_column_container vc_col-sm-12\">\n                                    <div class=\"vc_column-inner newsletter\">\n                                        <div class=\"wpb_wrapper\">\n                                            <div>\n                                                <form class=\"js-cm-form\" id=\"subForm\"\n                                                    action=\"https:\/\/www.createsend.com\/t\/subscribeerror?description=\"\n                                                    method=\"post\"\n                                                    data-id=\"A61C50BEC994754B1D79C5819EC1255CA083EDFB87A5E3A05DE37441CC77A8DFD2601A7411A3EDBD911334F9FAFDF85709FF16C131DE573FE525CD1BBFFBFD99\">\n                                                    <div>\n                                                        <div>\n                                                            <p>\n                                                                <input autocomplete=\"Email\" aria-label=\"Email\"\n                                                                    class=\"js-cm-email-input qa-input-email newsletter\" id=\"fieldEmail\"\n                                                                    maxlength=\"200\" name=\"cm-jtkymr-jtkymr\" placeholder=\"Email*\"\n                                                                    required=\"\" type=\"email\">\n                                                                <button class=\"button_newsletter newsletter\" type=\"submit\">Inscription<\/button>\n                                                            <\/p>\n                                                        <\/div>\n                                                    <\/div>\n                                                <\/form>\n                                            <\/div>\n                                            <p>\n                                                <script type=\"text\/javascript\"\n                                                    src=\"https:\/\/js.createsend1.com\/javascript\/copypastesubscribeformlogic.js\"><\/script><\/p>\n                                        <\/div>\n                                    <\/div>\n                                <\/div>\n                            <\/div>\n                        <\/div>\n                    <\/div>\n                <\/div>\n            <\/div>\n            <div id=\"partenaires\" class=\"wpb_column vc_column_container vc_column_container_footer vc_col-sm-12\">\n                <div class=\"vc_column-inner vc_custom_1534760528264 mainBlockPartenaire\">\n                    <div class=\"wpb_wrapper\">\n                        <div class=\"vc_row wpb_row vc_inner vc_row-fluid vc_custom_1549890561333 vc_row-has-fill\">\n                            <div class=\"wpb_column vc_column_container vc_col-sm-12\">\n                                <div class=\"vc_column-inner vc_custom_1537963523850 blockPartenaire\">\n                                    <div class=\"wpb_wrapper\">\n                                        <div\n                                            class=\"vc_separator wpb_content_element vc_separator_align_center vc_sep_width_100 vc_sep_double vc_sep_pos_align_center titreSeparateur vc_separator-has-text\">\n                                           \n                                            <h3 class=\"subTitleFooter\" style=\"display: flex;\">Nos autres activit\u00e9s<\/h3>\n                                           \n                                        <\/div>\n                                        <div class=\"vc_empty_space hidden-sm hidden-xs\" style=\"height: 52px;\"><\/div>\n                                    <\/div>\n                                <\/div>\n                            <\/div>\n                        <\/div>\n                    <\/div>\n                <\/div>\n                \n                <div class=\"wpb_column vc_column_container vc_col-sm-4\">\n                    <div class=\"vc_column-inner\">\n                        <div class=\"wpb_wrapper\">\n                            <a href=\"https:\/\/lesmondespolaires.ch\/\" rel=\"Les mondes polaires - Exp\u00e9ditions et circuit en Arctique Antartique noopener\" target=\"_blank\">\n                                <img decoding=\"async\" loading=\"lazy\"\n                                    src=\"https:\/\/www.autigrevanille.ch\/wp-content\/uploads\/2023\/07\/Les-mondes-polaires-2.png\"\n                                    alt=\"Logo Les Mondes Polaires\" width=\"175\" height=\"120\"\n                                    class=\"size-small\" \/>\n                                    <p>Exp\u00e9ditions et circuits en <br>Arctique et Antarctique<\/p>\n                            <\/a>\n                        <\/div>\n                    <\/div>\n                <\/div>\n                <!-- <div class=\"wpb_column vc_column_container vc_col-sm-4\">\n                    <div class=\"vc_column-inner\">\n                        <div class=\"wpb_wrapper\">\n                            <a href=\"https:\/\/www.tirawa.com\/\" rel=\"Tirawa - Voyage randonn\u00e9e en petit groupe noopener\" target=\"_blank\">\n                                <img decoding=\"async\" loading=\"lazy\"\n                                    src=\"https:\/\/www.autigrevanille.ch\/wp-content\/uploads\/2023\/07\/Tirawa-2.png\"\n                                    alt=\"Logo Tirawa\" width=\"175\" height=\"120\"\n                                    class=\"size-small\" \/>\n                                    <p>Voyages randonn\u00e9e en <br>petit groupe<\/p>\n                            <\/a>\n                        <\/div>\n                    <\/div>\n                <\/div> -->\n                <div class=\"wpb_column vc_column_container vc_col-sm-4\">\n                    <div class=\"vc_column-inner\">\n                        <div class=\"wpb_wrapper\">\n                            <a href=\"https:\/\/www.photographe-voyageur.com\/\" rel=\"Concours du Phototgraphe Voyageur noopener\" target=\"_blank\">\n                                <img decoding=\"async\" loading=\"lazy\"\n                                    src=\"https:\/\/www.autigrevanille.ch\/wp-content\/uploads\/2023\/07\/Concours-photographe-voyageur-2.png\"\n                                    alt=\"Logo Phototgraphe Voyageur\" width=\"175\" height=\"120\"\n                                    class=\"size-small\" \/>\n                                    <p>Concours du <br>Phototgraphe Voyageur<\/p>\n                            <\/a>\n                        <\/div>\n                    <\/div>\n                <\/div>\n                <div class=\"wpb_column vc_column_container vc_col-sm-4\">\n                    <div class=\"vc_column-inner\">\n                        <div class=\"wpb_wrapper\">\n                            <a href=\"https:\/\/www.watchandcow.com\/\" rel=\"Watch and Cow - Circuit de luxe sur mesure en Suisse noopener\" target=\"_blank\">\n                                <img decoding=\"async\" loading=\"lazy\"\n                                    src=\"https:\/\/www.autigrevanille.ch\/wp-content\/uploads\/2023\/07\/Watch-and-cow-2.png\"\n                                    alt=\"Logo Watch and Cow\" width=\"175\" height=\"120\"\n                                    class=\"size-small\" \/>\n                                    <p>Circuits de luxe sur mesure<br> en Suisse<\/p>\n                            <\/a>\n                        <\/div>\n                    <\/div>\n                <\/div>\n                <div class=\"wpb_column vc_column_container vc_col-sm-12 mentions\">\n                    <div class=\"vc_column-inner vc_custom_1606125359772\">\n                        <div class=\"wpb_wrapper\">\n                            <div class=\"wpb_text_column wpb_content_element footer\">\n                                <div class=\"wpb_wrapper\">\n                                    <p style=\"text-align: center;\">\u00a9 Au Tigre Vanill\u00e9 S\u00e0rl - <a\n                                            href=\"https:\/\/www.autigrevanille.ch\/informations-legales\/#mentions-legales\">Mentions\n                                            l\u00e9gales<\/a> | <a\n                                            href=\"https:\/\/www.autigrevanille.ch\/informations-legales\/#conditions-generales\">Conditions\n                                            G\u00e9n\u00e9rales<\/a> | <a\n                                            href=\"https:\/\/www.autigrevanille.ch\/informations-legales\/#protection-des-donnees\">Politique\n                                            de confidentialit\u00e9<\/a><\/p>\n                                <\/div>\n                            <\/div>\n                        <\/div>\n                    <\/div>\n                <\/div>\n            <\/div>\n        <\/div>\n            <style type=\"text\/css\" data-type=\"rcb-_wpb_shortcodes_custom_css-1867\">\n                .vc_custom_1543505406831>.vc_column-inner {\n                    padding-left: 0px !important;\n                    padding-right: 0px !important;\n                }\n                .vc_custom_1615999363964 {\n                    margin-top: 0px !important;\n                    margin-right: 0px !important;\n                    margin-bottom: 0px !important;\n                    margin-left: 0px !important;\n                    padding-top: 0px !important;\n                    padding-bottom: 0px !important;\n                }\n                .vc_custom_1633696329940 {\n                    padding-right: 10% !important;\n                    padding-left: 10% !important;\n                    background-color: #807b6c !important;\n                }\n                .vc_custom_1606125322289 {\n                    margin-top: 0px !important;\n                    margin-right: 0px !important;\n                    margin-bottom: 0px !important;\n                    margin-left: 0px !important;\n                    background-color: #807b6c !important;\n                }\n                .vc_custom_1534760528264 {\n                    padding-top: 0px !important;\n                    padding-right: 0px !important;\n                    padding-left: 0px !important;\n                }\n                div#footer-bloc {\n                    background-color: #f5f1e7 !important;\n                }\n                div#footer-bloc.partenaires {\n                    background: #FFFFFF !important;\n                }\n                div#footer-bloc.partenaires .PaysConfiance {\n                    margin-top: 20px;\n                }\n                .vc_separator.vc_separator_align_center h2 {\n                    padding: 0 0.8em;\n                    font-size: 3.6rem!important;\n                }\n                .vc_custom_1549890597043 {\n                    padding-right: 7% !important;\n                    padding-left: 7% !important;\n                }\n                .vc_custom_1549890605237 {\n                    padding-right: 10% !important;\n                    padding-left: 10% !important;\n                }\n                .vc_custom_1537963523850 {\n                    margin-top: 80px !important;\n                    padding-right: 10% !important;\n                    padding-left: 10% !important;\n                }\n                .vc_custom_1537887407590 {\n                    padding-right: 10% !important;\n                    padding-left: 10% !important;\n                }\n                .vc_custom_1637309831446 {\n                    margin-bottom: 20px !important;\n                }\n                .vc_custom_1635503718737 {\n                    margin-bottom: 30px !important;\n                }\n                .vc_custom_1606125359772 {\n                    padding-bottom: 10px !important;\n                }\n              #content .wpb_alert p:last-child, #content .wpb_text_column :last-child, #content .wpb_text_column p:last-child, .wpb_alert p:last-child, .wpb_text_column :last-child, .wpb_text_column p:last-child {\n    margin-bottom: 0;\n    border-right:inherit;\n}\n              .entry-content a {\n    border: none;\n    color: #d59814;\n    font-weight: inherit !important;\n}\n            img.partenaireIMG {\n                width: 175px;\n            }\n            a.partenaireLink {\n                opacity: .7;\n                -webkit-transition: all 300ms ease-out;\n                -moz-transition: all 300ms ease-out;\n                -ms-transition: all 300ms ease-out;\n                -o-transition: all 300ms ease-out;\n                transition: all 300ms ease-out;\n            }\n            a.partenaireLink:hover {\n                opacity: 1;-webkit-transition: all 300ms ease-out;\n                -moz-transition: all 300ms ease-out;\n                -ms-transition: all 300ms ease-out;\n                -o-transition: all 300ms ease-out;\n                transition: all 300ms ease-out;\n            }\n            p.partenaireSubTitle {\n                text-align: center;\n                font-size: 14px !important;\n                margin-top: 15px;\n                color: #FFFFFF !important;\n            }\n            .blockPartenaire{\n                margin-top: 30px !important;\n                padding-top: 10px !important;\n                margin-bottom: -30px !important;\n            }\n            .blockPartenaire h2{\n                color: #FFFFFF !important;\n            }\n            .mainBlockPartenaire{\n                margin-bottom: 40px !important;\n            }\n            button.newsletter {\n                border: none;\n                background: #aa956d;\n                border-radius: 0px !important;\n                margin-left: -4px;\n            }   \n            input.newsletter {\n                padding: 9px 10px 8px 10px;\n                border: none !important;\n                border-radius: 0px;    \n                width: 50%;\n                margin-left: calc(25% - 70px);\n            }\n            h3.subTitleFooter {\n                display: flex;\n                color: #FFFFFF;\n                font-size: 30px;\n                padding: 0 40px;\n                font-weight: 100;\n                letter-spacing: 1px;\n                text-align: center;\n                line-height: 26px;\n            }\n            .vc_column-inner.newsletter{\n                padding-top: 0 !important;\n            }\n            .footer p strong {\n                text-decoration: underline;\n                margin-bottom: 8px !important;\n                display: block;\n            }\n            .footer p {\n    font-size: 1.4rem !important;\n    font-family: 'Raleway' !important;\n    font-weight: 400 !important;\n}\n.vc_column-inner.vc_custom_1534760528264.mainBlockPartenaire {\n    margin-bottom: 0px !important;\n}\n\n            #partenaires {\n                background: #928f80;\n                display: flex;\n                flex-direction: row;\n                flex-wrap: wrap;\n                justify-content: center;  \/* \u2190 R\u00e9partit uniform\u00e9ment avec espaces \u00e9gaux *\/\n    \t\t\talign-items: center;\n                padding-top: 20px;\n            }\n\n            #partenaires .vc_separator.vc_sep_double .vc_sep_line {\n                border-bottom: 1px solid #ffffff!important;\n                border-top: 2px solid #ffffff!important;\n            }\n\n\n            #partenaires .wpb_column.vc_column_container.vc_col-sm-4 {\n                display: flex;\n                flex-direction: column;\n                align-content: center;\n                justify-content: center;\n                align-items: stretch;\n            }\n            #partenaires .wpb_column.vc_column_container.vc_col-sm-4 .wpb_wrapper {\n                display: flex;\n                flex-direction: column;\n                align-content: center;\n                flex-wrap: wrap;\n            }\n            #partenaires .wpb_column.vc_column_container.vc_col-sm-4 .wpb_wrapper p {\n                font-size: 13px !important;\n                color: #ffffff !important;\n                text-align: center;\n                margin-top: 5px;\n            }\n            #partenaires .wpb_column.vc_column_container.vc_col-sm-4 .wpb_wrapper a {\n                opacity: .7;\n                -webkit-transition: all 300ms ease-out;\n                -moz-transition: all 300ms ease-out;\n                -ms-transition: all 300ms ease-out;\n                -o-transition: all 300ms ease-out;\n                transition: all 300ms ease-out;\n            }\n            #partenaires .wpb_column.vc_column_container.vc_col-sm-4 .wpb_wrapper a:hover {\n                opacity: 1;\n                -webkit-transition: all 300ms ease-out;\n                -moz-transition: all 300ms ease-out;\n                -ms-transition: all 300ms ease-out;\n                -o-transition: all 300ms ease-out;\n                transition: all 300ms ease-out;\n            }\n            #partenaires .wpb_column.vc_column_container.vc_col-sm-12.mentions {\n                margin-top: 30px;\n            }\n            #footer-global {\n                padding-bottom: 4rem;\n            }\n              .vc_separator.vc_sep_double {\n    height: 3px;\n    display: flex;\n    flex-wrap: nowrap;\n    align-content: flex-start;\n    justify-content: center;\n}\n\n\/* Version mobile sp\u00e9cifique - CORRIG\u00c9E *\/\n\/* Solution RADICALE pour mobile - cibler le vrai probl\u00e8me *\/\n@media (max-width: 768px) {\n    \/* Forcer la hauteur automatique pour \u00e9viter la superposition *\/\n    .wpb_column.vc_column_container.vc_col-sm-12 {\n        height: auto !important;\n        min-height: auto !important;\n        overflow: visible !important;\n    }\n    \n    \/* R\u00e9organiser compl\u00e8tement la section newsletter *\/\n    .vc_column-inner.newsletter,\n    .wpb_column.vc_column_container.vc_column_container_footer.vc_col-sm-12 .vc_column-inner {\n        height: auto !important;\n        min-height: auto !important;\n        padding: 20px 10px !important;\n        margin-bottom: 20px !important;\n        display: block !important;\n        overflow: visible !important;\n    }\n    \n    \/* Forcer les \u00e9l\u00e9ments du formulaire en vertical *\/\n    .vc_column-inner.newsletter form,\n    .vc_column-inner.newsletter form div,\n    .vc_column-inner.newsletter form div div,\n    .vc_column-inner.newsletter form p {\n        display: block !important;\n        width: 100% !important;\n        text-align: center !important;\n        margin: 0 !important;\n        padding: 5px 0 !important;\n    }\n    \n    \/* Input et bouton en mode empil\u00e9 *\/\n    input.newsletter {\n        width: 80% !important;\n        margin: 0 auto 15px auto !important;\n        display: block !important;\n    }\n    \n    button.button_newsletter {\n        margin: 0 auto !important;\n        display: block !important;\n        width: fit-content !important;\n    }\n    \n    \/* Espacement entre sections *\/\n    #footer-global {\n        margin-bottom: 20px !important;\n    }\n    \n    #partenaires {\n        margin-top: 20px !important;\n        clear: both !important;\n    }\n}\n\n\n            <\/style>\n        <\/div>\n    <\/div>\n<\/div>\n<\/div>\n<\/div>[\/vc_column_text][\/vc_column][\/vc_row]<\/p>\n<\/div>","protected":false},"excerpt":{"rendered":"<p>L\u2019aurore bor\u00e9ale est certainement le spectacle cosmique le plus incroyable qu\u2019on puisse voir depuis la Terre. Et contrairement \u00e0 ce que certains pourraient penser, il n\u2019est pas n\u00e9cessaire de pr\u00e9parer une exp\u00e9dition au P\u00f4le Nord pour les observer, mais il suffit d\u2019un petit tour en Scandinavie (en <a href=\"https:\/\/www.autigrevanille.ch\/fr\/destinations\/laponie\/\">Laponie su\u00e9doise<\/a> par exemple) en possession de quelques informations essentielles pour en prendre plein les yeux ; informations qu\u2019on vous r\u00e9sume dans cet article ! <\/p>\n","protected":false},"featured_media":53927,"template":"","tag_pays":[162],"tag_thematique":[142],"tag_auteur":[145],"acf":[],"yoast_head":"<!-- This site is optimized with the Yoast SEO plugin v21.5 - https:\/\/yoast.com\/wordpress\/plugins\/seo\/ -->\n<title>Aurores bor\u00e9ales en Laponie : o\u00f9 et comment les voir ?<\/title>\n<meta name=\"description\" content=\"L\u2019aurore bor\u00e9ale est certainement le spectacle cosmique le plus incroyable qu\u2019on puisse voir depuis la Terre.\" \/>\n<meta name=\"robots\" content=\"index, follow, max-snippet:-1, max-image-preview:large, max-video-preview:-1\" \/>\n<link rel=\"canonical\" href=\"https:\/\/www.autigrevanille.ch\/fr\/blog\/aurores-boreales-laponie\/\" \/>\n<meta property=\"og:locale\" content=\"fr_FR\" \/>\n<meta property=\"og:type\" content=\"article\" \/>\n<meta property=\"og:title\" content=\"Aurores bor\u00e9ales en Laponie : o\u00f9 et comment les voir ?\" \/>\n<meta property=\"og:description\" content=\"L\u2019aurore bor\u00e9ale est certainement le spectacle cosmique le plus incroyable qu\u2019on puisse voir depuis la Terre.\" \/>\n<meta property=\"og:url\" content=\"https:\/\/www.autigrevanille.ch\/fr\/blog\/aurores-boreales-laponie\/\" \/>\n<meta property=\"og:site_name\" content=\"Au Tigre Vanill\u00e9, agence de voyages sur mesure\" \/>\n<meta property=\"article:publisher\" content=\"https:\/\/www.facebook.com\/autigrevanille\" \/>\n<meta property=\"article:modified_time\" content=\"2025-07-30T10:50:59+00:00\" \/>\n<meta property=\"og:image\" content=\"https:\/\/www.autigrevanille.ch\/wp-content\/uploads\/2021\/08\/article-blog-aurore-boreale-laponie-suedoise-ciel.jpg\" \/>\n\t<meta property=\"og:image:width\" content=\"1200\" \/>\n\t<meta property=\"og:image:height\" content=\"820\" \/>\n\t<meta property=\"og:image:type\" content=\"image\/jpeg\" \/>\n<meta name=\"twitter:card\" content=\"summary_large_image\" \/>\n<script type=\"application\/ld+json\" class=\"yoast-schema-graph\">{\"@context\":\"https:\/\/schema.org\",\"@graph\":[{\"@type\":\"WebPage\",\"@id\":\"https:\/\/www.autigrevanille.ch\/fr\/blog\/aurores-boreales-laponie\/\",\"url\":\"https:\/\/www.autigrevanille.ch\/fr\/blog\/aurores-boreales-laponie\/\",\"name\":\"Aurores bor\u00e9ales en Laponie : o\u00f9 et comment les voir ?\",\"isPartOf\":{\"@id\":\"https:\/\/www.autigrevanille.ch\/fr\/#website\"},\"datePublished\":\"2022-01-24T15:53:51+00:00\",\"dateModified\":\"2025-07-30T10:50:59+00:00\",\"description\":\"L\u2019aurore bor\u00e9ale est certainement le spectacle cosmique le plus incroyable qu\u2019on puisse voir depuis la Terre.\",\"breadcrumb\":{\"@id\":\"https:\/\/www.autigrevanille.ch\/fr\/blog\/aurores-boreales-laponie\/#breadcrumb\"},\"inLanguage\":\"fr-FR\",\"potentialAction\":[{\"@type\":\"ReadAction\",\"target\":[\"https:\/\/www.autigrevanille.ch\/fr\/blog\/aurores-boreales-laponie\/\"]}]},{\"@type\":\"BreadcrumbList\",\"@id\":\"https:\/\/www.autigrevanille.ch\/fr\/blog\/aurores-boreales-laponie\/#breadcrumb\",\"itemListElement\":[{\"@type\":\"ListItem\",\"position\":1,\"name\":\"Accueil\",\"item\":\"https:\/\/www.autigrevanille.ch\/fr\/\"},{\"@type\":\"ListItem\",\"position\":2,\"name\":\"O\u00f9 et comment voir des aurores bor\u00e9ales en Laponie ?\"}]},{\"@type\":\"WebSite\",\"@id\":\"https:\/\/www.autigrevanille.ch\/fr\/#website\",\"url\":\"https:\/\/www.autigrevanille.ch\/fr\/\",\"name\":\"Au Tigre Vanill\u00e9, agence de voyages sur mesure\",\"description\":\"Agence de voyages d&#039;exception et sur mesure\",\"publisher\":{\"@id\":\"https:\/\/www.autigrevanille.ch\/fr\/#organization\"},\"potentialAction\":[{\"@type\":\"SearchAction\",\"target\":{\"@type\":\"EntryPoint\",\"urlTemplate\":\"https:\/\/www.autigrevanille.ch\/fr\/?s={search_term_string}\"},\"query-input\":\"required name=search_term_string\"}],\"inLanguage\":\"fr-FR\"},{\"@type\":\"Organization\",\"@id\":\"https:\/\/www.autigrevanille.ch\/fr\/#organization\",\"name\":\"Au Tigre Vanill\u00e9\",\"url\":\"https:\/\/www.autigrevanille.ch\/fr\/\",\"logo\":{\"@type\":\"ImageObject\",\"inLanguage\":\"fr-FR\",\"@id\":\"https:\/\/www.autigrevanille.ch\/fr\/#\/schema\/logo\/image\/\",\"url\":\"https:\/\/www.autigrevanille.ch\/wp-content\/uploads\/2018\/08\/Logo_ATV_300x276.png\",\"contentUrl\":\"https:\/\/www.autigrevanille.ch\/wp-content\/uploads\/2018\/08\/Logo_ATV_300x276.png\",\"width\":300,\"height\":276,\"caption\":\"Au Tigre Vanill\u00e9\"},\"image\":{\"@id\":\"https:\/\/www.autigrevanille.ch\/fr\/#\/schema\/logo\/image\/\"},\"sameAs\":[\"https:\/\/www.facebook.com\/autigrevanille\",\"https:\/\/www.instagram.com\/autigrevanille\",\"https:\/\/www.linkedin.com\/company\/autigrevanille\/\"]}]}<\/script>\n<!-- \/ Yoast SEO plugin. -->","yoast_head_json":{"title":"Aurores bor\u00e9ales en Laponie : o\u00f9 et comment les voir ?","description":"L\u2019aurore bor\u00e9ale est certainement le spectacle cosmique le plus incroyable qu\u2019on puisse voir depuis la Terre.","robots":{"index":"index","follow":"follow","max-snippet":"max-snippet:-1","max-image-preview":"max-image-preview:large","max-video-preview":"max-video-preview:-1"},"canonical":"https:\/\/www.autigrevanille.ch\/fr\/blog\/aurores-boreales-laponie\/","og_locale":"fr_FR","og_type":"article","og_title":"Aurores bor\u00e9ales en Laponie : o\u00f9 et comment les voir ?","og_description":"L\u2019aurore bor\u00e9ale est certainement le spectacle cosmique le plus incroyable qu\u2019on puisse voir depuis la Terre.","og_url":"https:\/\/www.autigrevanille.ch\/fr\/blog\/aurores-boreales-laponie\/","og_site_name":"Au Tigre Vanill\u00e9, agence de voyages sur mesure","article_publisher":"https:\/\/www.facebook.com\/autigrevanille","article_modified_time":"2025-07-30T10:50:59+00:00","og_image":[{"width":1200,"height":820,"url":"https:\/\/www.autigrevanille.ch\/wp-content\/uploads\/2021\/08\/article-blog-aurore-boreale-laponie-suedoise-ciel.jpg","type":"image\/jpeg"}],"twitter_card":"summary_large_image","schema":{"@context":"https:\/\/schema.org","@graph":[{"@type":"WebPage","@id":"https:\/\/www.autigrevanille.ch\/fr\/blog\/aurores-boreales-laponie\/","url":"https:\/\/www.autigrevanille.ch\/fr\/blog\/aurores-boreales-laponie\/","name":"Aurores bor\u00e9ales en Laponie : o\u00f9 et comment les voir ?","isPartOf":{"@id":"https:\/\/www.autigrevanille.ch\/fr\/#website"},"datePublished":"2022-01-24T15:53:51+00:00","dateModified":"2025-07-30T10:50:59+00:00","description":"L\u2019aurore bor\u00e9ale est certainement le spectacle cosmique le plus incroyable qu\u2019on puisse voir depuis la Terre.","breadcrumb":{"@id":"https:\/\/www.autigrevanille.ch\/fr\/blog\/aurores-boreales-laponie\/#breadcrumb"},"inLanguage":"fr-FR","potentialAction":[{"@type":"ReadAction","target":["https:\/\/www.autigrevanille.ch\/fr\/blog\/aurores-boreales-laponie\/"]}]},{"@type":"BreadcrumbList","@id":"https:\/\/www.autigrevanille.ch\/fr\/blog\/aurores-boreales-laponie\/#breadcrumb","itemListElement":[{"@type":"ListItem","position":1,"name":"Accueil","item":"https:\/\/www.autigrevanille.ch\/fr\/"},{"@type":"ListItem","position":2,"name":"O\u00f9 et comment voir des aurores bor\u00e9ales en Laponie ?"}]},{"@type":"WebSite","@id":"https:\/\/www.autigrevanille.ch\/fr\/#website","url":"https:\/\/www.autigrevanille.ch\/fr\/","name":"Au Tigre Vanill\u00e9, agence de voyages sur mesure","description":"Agence de voyages d&#039;exception et sur mesure","publisher":{"@id":"https:\/\/www.autigrevanille.ch\/fr\/#organization"},"potentialAction":[{"@type":"SearchAction","target":{"@type":"EntryPoint","urlTemplate":"https:\/\/www.autigrevanille.ch\/fr\/?s={search_term_string}"},"query-input":"required name=search_term_string"}],"inLanguage":"fr-FR"},{"@type":"Organization","@id":"https:\/\/www.autigrevanille.ch\/fr\/#organization","name":"Au Tigre Vanill\u00e9","url":"https:\/\/www.autigrevanille.ch\/fr\/","logo":{"@type":"ImageObject","inLanguage":"fr-FR","@id":"https:\/\/www.autigrevanille.ch\/fr\/#\/schema\/logo\/image\/","url":"https:\/\/www.autigrevanille.ch\/wp-content\/uploads\/2018\/08\/Logo_ATV_300x276.png","contentUrl":"https:\/\/www.autigrevanille.ch\/wp-content\/uploads\/2018\/08\/Logo_ATV_300x276.png","width":300,"height":276,"caption":"Au Tigre Vanill\u00e9"},"image":{"@id":"https:\/\/www.autigrevanille.ch\/fr\/#\/schema\/logo\/image\/"},"sameAs":["https:\/\/www.facebook.com\/autigrevanille","https:\/\/www.instagram.com\/autigrevanille","https:\/\/www.linkedin.com\/company\/autigrevanille\/"]}]}},"_links":{"self":[{"href":"https:\/\/www.autigrevanille.ch\/fr\/wp-json\/wp\/v2\/blog\/53923"}],"collection":[{"href":"https:\/\/www.autigrevanille.ch\/fr\/wp-json\/wp\/v2\/blog"}],"about":[{"href":"https:\/\/www.autigrevanille.ch\/fr\/wp-json\/wp\/v2\/types\/blog"}],"version-history":[{"count":18,"href":"https:\/\/www.autigrevanille.ch\/fr\/wp-json\/wp\/v2\/blog\/53923\/revisions"}],"predecessor-version":[{"id":63814,"href":"https:\/\/www.autigrevanille.ch\/fr\/wp-json\/wp\/v2\/blog\/53923\/revisions\/63814"}],"wp:featuredmedia":[{"embeddable":true,"href":"https:\/\/www.autigrevanille.ch\/fr\/wp-json\/wp\/v2\/media\/53927"}],"wp:attachment":[{"href":"https:\/\/www.autigrevanille.ch\/fr\/wp-json\/wp\/v2\/media?parent=53923"}],"wp:term":[{"taxonomy":"tag_pays","embeddable":true,"href":"https:\/\/www.autigrevanille.ch\/fr\/wp-json\/wp\/v2\/tag_pays?post=53923"},{"taxonomy":"tag_thematique","embeddable":true,"href":"https:\/\/www.autigrevanille.ch\/fr\/wp-json\/wp\/v2\/tag_thematique?post=53923"},{"taxonomy":"tag_auteur","embeddable":true,"href":"https:\/\/www.autigrevanille.ch\/fr\/wp-json\/wp\/v2\/tag_auteur?post=53923"}],"curies":[{"name":"wp","href":"https:\/\/api.w.org\/{rel}","templated":true}]}}