 {"id":54565,"date":"2022-03-11T11:00:19","date_gmt":"2022-03-11T10:00:19","guid":{"rendered":"https:\/\/www.autigrevanille.ch\/fr\/?post_type=blog&#038;p=54565"},"modified":"2022-04-12T15:20:17","modified_gmt":"2022-04-12T13:20:17","slug":"sumba-modernite-et-spiritualite","status":"publish","type":"blog","link":"https:\/\/www.autigrevanille.ch\/fr\/blog\/sumba-modernite-et-spiritualite\/","title":{"rendered":"Sumba, entre monde moderne et spiritualit\u00e9"},"content":{"rendered":"<div class=\"wpb-content-wrapper\"><p>[vc_row css=\".vc_custom_1540993069512{margin-top: 0px !important;margin-right: 0px !important;margin-bottom: 0px !important;margin-left: 0px !important;padding-top: 0px !important;padding-right: 0px !important;padding-bottom: 0px !important;padding-left: 0px !important;}\"][vc_column css=\".vc_custom_1540993109373{padding-right: 0px !important;padding-left: 0px !important;}\"][vc_column_text]<div id=\"blog-header\" class=\"header-banniere-blog\">\n  \t<div>\n      <span class=\"titre-principal-blog\">Le blog de voyage <br>du Tigre<\/span>\n  \t<\/div>\n<\/div>\n[\/vc_column_text][vc_column_text]<script type=\"application\/ld+json\">\n{\n  \"@context\" : \"http:\/\/schema.org\",\n  \"@type\" : \"Article\",\n  \"name\" : \"Sumba, entre monde moderne et spiritualit\u00e9\",\n  \"headline\" : \"\u00c0 moins d&rsquo;une heure de vol de Bali, Sumba nous d\u00e9voile d\u00e8s l&rsquo;arriv\u00e9e une atmosph\u00e8re bien \u00e9loign\u00e9e de sa fr\u00e9n\u00e9tique voisine. Le petit a\u00e9roport de Waingapu a des airs de brousse et la route qui longe la c\u00f4te Est laisse entrevoir des troupeaux de buffles et villages \u00e9parpill\u00e9s entre mer turquoise et p\u00e2turages arides. De douces collines o\u00f9 s&rsquo;\u00e9battent des chevaux sauvages rappelant les steppes mongoles ponctuent l&rsquo;horizon, bord\u00e9es de kilom\u00e8tres de plages de sable vierges, entrecoup\u00e9es de foisonnantes mangroves. Le voyageur passionn\u00e9 d&rsquo;Asie perd ici tous ses rep\u00e8res et se voit offrir un condens\u00e9 de nature et climats sur seulement 11&rsquo;000 km2, faisant de Sumba la 4\u00e8me des petites \u00eeles de la Sonde orientale, derri\u00e8re Timor, Sumbawa et Flores.\",\n  \"author\" : {\n    \"@type\" : \"Person\",\n    \"name\" : \"Francine Milea\",\n    \"url\" : \"https:\/\/www.autigrevanille.ch\/fr\/specialiste-voyage\/Francine Milea\"\n  },\n  \"datePublished\" : \"11 mars 2022\",\n  \"articleSection\" : \"Destination\",\n  \"image\": [\n        \"https:\/\/www.autigrevanille.ch\/wp-content\/uploads\/2021\/11\/indonesie-sumba-maisons-traditionnelles-1-800x547.jpg\"\n      ],\n  \"publisher\": {\n        \"@type\": \"Organization\",\n        \"name\": \"Au Tigre Vanill\u00e9\",\n        \"logo\": {\n          \"@type\": \"ImageObject\",\n          \"url\": \"https:\/\/www.autigrevanille.ch\/wp-content\/uploads\/2018\/08\/logo.png\"\n        }\n}\n}\n<\/script>\n\n<div id=\"article-introduction\">\n    \n    <a class=\"retour-liste-articles\" href=\"https:\/\/www.autigrevanille.ch\/fr\/blog\/\">Retour \u00e0 la liste des articles<\/a><br>\n    <br><br><br>\n    \n      <span class=\"blog-article-tags-pays\">Indon\u00e9sie<\/span> \u00a0\n      \n    <br>\n  \n    \t<span class=\"blog-article-tag-themathique\">Destination<\/span><br>\n\n      <h1 class=\"blog-titre-article\">Sumba, entre monde moderne et spiritualit\u00e9<\/h1>\n      <span class=\"blog-date-article\">11 mars 2022<\/span> \n    \n    <div class=\"blog-article-auteur\">\n      \t <img decoding=\"async\" class=\"blog-article-auteur-img\" src=\"https:\/\/www.autigrevanille.ch\/wp-content\/uploads\/2021\/06\/francine-milea.jpg\">\n      <div class=\"auteur-container\">\n        <a class=\"blog-article-nom-auteur\" href=\"\/fr\/specialiste-voyage\/Francine Milea\">Francine Milea<\/a><br>\n        \n        Sp\u00e9cialiste Indon\u00e9sie\n        \n \n      <\/div>\n    <\/div>\n\n    [\/vc_column_text][\/vc_column][\/vc_row][vc_row el_class=\"content-container\"][vc_column][vc_raw_html el_class=\"featured\"]JTVCZmVhdHVyZWQlNUQ=[\/vc_raw_html][vc_column_text el_class=\"blog-text-bloc\"]\u00c0 moins d'une heure de vol de <a href=\"https:\/\/www.autigrevanille.ch\/fr\/destination\/indonesie\/bali\/\">Bali<\/a>, <a href=\"https:\/\/www.autigrevanille.ch\/fr\/destination\/indonesie\/sumba\/\">Sumba<\/a>, en <a href=\"https:\/\/www.autigrevanille.ch\/fr\/destinations\/indonesie\/\">Indon\u00e9sie<\/a>, nous d\u00e9voile d\u00e8s l'arriv\u00e9e une atmosph\u00e8re bien \u00e9loign\u00e9e de sa fr\u00e9n\u00e9tique voisine. Le petit a\u00e9roport de Waingapu a des airs de brousse et la route qui longe la c\u00f4te Est laisse entrevoir des troupeaux de buffles et villages \u00e9parpill\u00e9s entre mer turquoise et p\u00e2turages arides. De douces collines o\u00f9 s'\u00e9battent des chevaux sauvages rappelant les <a href=\"https:\/\/www.autigrevanille.ch\/fr\/destinations\/mongolie\/#nos-etapes\">steppes mongoles<\/a> ponctuent l'horizon, bord\u00e9es de kilom\u00e8tres de plages de sable vierges, entrecoup\u00e9es de foisonnantes mangroves. Le voyageur passionn\u00e9 d'Asie perd ici tous ses rep\u00e8res et se voit offrir un condens\u00e9 de nature et climats sur seulement 11'000 km2, faisant de Sumba la 4\u00e8me des petites <a href=\"https:\/\/www.autigrevanille.ch\/fr\/destination\/indonesie\/petites-iles-de-la-sonde\/\">\u00eeles de la Sonde<\/a> orientale, derri\u00e8re Timor, Sumbawa et Flores.[\/vc_column_text][vc_single_image image=\"54568\" img_size=\"medium\"][vc_column_text el_class=\"blog-caption-gallery-bloc\"]<span class=\"hs_cos_wrapper hs_cos_wrapper_meta_field hs_cos_wrapper_type_rich_text\" data-hs-cos-general-type=\"meta_field\" data-hs-cos-type=\"rich_text\">Une crique \u00e0 Sumba (Photo :<a href=\"https:\/\/www.autigrevanille.ch\/fr\/specialiste-voyage\/francine-milea\/\"> Francine Milea<\/a>, Au Tigre Vanill\u00e9)<\/span><span id=\"hs_cos_wrapper_post_body\" class=\"hs_cos_wrapper hs_cos_wrapper_meta_field hs_cos_wrapper_type_rich_text\" data-hs-cos-general-type=\"meta_field\" data-hs-cos-type=\"rich_text\"><br \/>\n<\/span>[\/vc_column_text][vc_column_text el_class=\"blog-text-bloc\"]<\/p>\n<h2>Le monde moderne<\/h2>\n<p>L\u2019\u00eele fut longtemps \u00e9pargn\u00e9e de toute influence externe en raison des tensions intercommunautaires qui y r\u00e9gnaient et c'est seulement en 1911 que sa pacification entam\u00e9e par les Hollandais, relay\u00e9e par l'\u00e9tat indon\u00e9sien, permit peu \u00e0 peu une ouverture aux premiers visiteurs. \u00c0 ce jour, Sumba reste une destination confidentielle que les voyageurs abordent le plus souvent apr\u00e8s plusieurs voyages au long cours. En effet, si Sumba fascine, elle demeure encore authentique et peu fr\u00e9quent\u00e9e et les logements de qualit\u00e9 sont rares, m\u00eame si les projets fleurissent, notamment sur la partie Ouest de l'\u00eele.<\/p>\n<p>\u00c0 titre d'exemple, un des plus beaux h\u00f4tels au monde, Nihi Resort, accueille ses h\u00f4tes dans un environnement avec lequel peu d'\u00e9tablissements peuvent rivaliser, o\u00f9 nature sauvage et luxe se confondent dans un cadre \u00e9poustouflant (lire notre article \"<a href=\"https:\/\/www.autigrevanille.ch\/fr\/blog\/indonesie-6-adresses-dexception\/\">Indon\u00e9sie : 6 adresses d'exception<\/a>\" si cette th\u00e9matique vous int\u00e9resse).[\/vc_column_text][vc_gallery interval=\"3\" images=\"55242,55240,55239,55238,13727\" img_size=\"medium\"][vc_column_text el_class=\"blog-caption-gallery-bloc\"]<span class=\"hs_cos_wrapper hs_cos_wrapper_meta_field hs_cos_wrapper_type_rich_text\" data-hs-cos-general-type=\"meta_field\" data-hs-cos-type=\"rich_text\">Photos du NIHI Sumba (Photo : <\/span>Read McKendree &amp; Tania Araujo<span class=\"hs_cos_wrapper hs_cos_wrapper_meta_field hs_cos_wrapper_type_rich_text\" data-hs-cos-general-type=\"meta_field\" data-hs-cos-type=\"rich_text\">)<\/span><span id=\"hs_cos_wrapper_post_body\" class=\"hs_cos_wrapper hs_cos_wrapper_meta_field hs_cos_wrapper_type_rich_text\" data-hs-cos-general-type=\"meta_field\" data-hs-cos-type=\"rich_text\"><br \/>\n<\/span>[\/vc_column_text][vc_column_text el_class=\"blog-text-bloc\"]<\/p>\n<h2>Le monde spirituel<\/h2>\n<p>Outre sa diversit\u00e9 de paysages partag\u00e9s entre une zone aride \u00e0 l'Est et une tropicale \u00e0 l'Ouest, Sumba fascine par sa culture et ses traditions. Dans la partie orientale de l'\u00eele, le syst\u00e8me ancestral des classes sociales est encore tr\u00e8s marqu\u00e9, bas\u00e9 sur trois \u00e9chelons : celui des nobles, des hommes libres et des serviteurs. On voit ainsi toujours des personnes issues de famille \"noble\" occuper des postes administratifs importants. Cette cat\u00e9gorisation se retrouve dans l'architecture des magnifiques villages construits autour de la \"maison ancestrale\" \u00e0 laquelle sont reli\u00e9s des segments familiaux dits <em>uma<\/em> (maisons). La construction des demeures traditionnelles sumbanaises ob\u00e9it \u00e0 des r\u00e8gles et mod\u00e8les tr\u00e8s codifi\u00e9s et des pri\u00e8res doivent \u00eatre adress\u00e9es aux Marapu (esprits). La fin de leur construction sera c\u00e9l\u00e9br\u00e9e par une f\u00eate. Leur haute et \u00e9l\u00e9gante silhouette se constitue d'un grenier o\u00f9 sont gard\u00e9s les objets sacr\u00e9s, d'une zone d'habitation (partie f\u00e9minine et masculine) et des jambes de la maison sous lesquels se blottissent les animaux domestiques.[\/vc_column_text][vc_gallery interval=\"3\" images=\"54582,54583,54580\" img_size=\"medium\"][vc_column_text el_class=\"blog-caption-gallery-bloc\"]<span class=\"hs_cos_wrapper hs_cos_wrapper_meta_field hs_cos_wrapper_type_rich_text\" data-hs-cos-general-type=\"meta_field\" data-hs-cos-type=\"rich_text\">Paysages de l'\u00eele (Photo : <a href=\"https:\/\/www.autigrevanille.ch\/fr\/specialiste-voyage\/silvia-fabbri\/\">Silvia Fabbri<\/a>, Au Tigre Vanill\u00e9)<\/span><span id=\"hs_cos_wrapper_post_body\" class=\"hs_cos_wrapper hs_cos_wrapper_meta_field hs_cos_wrapper_type_rich_text\" data-hs-cos-general-type=\"meta_field\" data-hs-cos-type=\"rich_text\"><br \/>\n<\/span>[\/vc_column_text][\/vc_column][\/vc_row][vc_row el_class=\"content-container\"][vc_column][vc_column_text el_class=\"blog-text-bloc\"]Dans toute l'\u00eele, les vivants c\u00f4toient les morts \u00e0 l'int\u00e9rieur m\u00eame du village : ainsi se m\u00e9langent tombes m\u00e9galithiques, assemblages de pierres cens\u00e9s repouss\u00e9s les esprits mal\u00e9fiques, le tout ponctu\u00e9 par de splendides tissages \"ikat\" s\u00e9chant au vent et de piliers sculpt\u00e9s de formes symboliques. Dans leur vision de la vie, les anc\u00eatres existent dans un monde parall\u00e8le et proche, le Prai Marapu : leur esprit mouvant survole leur territoire et leurs descendants et sont ressentis comme omnipr\u00e9sents dans tout le village. Tout au long de l'ann\u00e9e, de nombreuses c\u00e9r\u00e9monies ponctuent la vie des villageois, certaines rendant hommage aux esprits.[\/vc_column_text][vc_single_image image=\"54576\" img_size=\"medium\"][vc_column_text el_class=\"blog-caption-gallery-bloc\"]<span class=\"hs_cos_wrapper hs_cos_wrapper_meta_field hs_cos_wrapper_type_rich_text\" data-hs-cos-general-type=\"meta_field\" data-hs-cos-type=\"rich_text\">Une st\u00e8le sumbanaise (Photo : <a href=\"https:\/\/www.autigrevanille.ch\/fr\/specialiste-voyage\/silvia-fabbri\/\">Silvia Fabbri<\/a>, Au Tigre Vanill\u00e9)<\/span><span id=\"hs_cos_wrapper_post_body\" class=\"hs_cos_wrapper hs_cos_wrapper_meta_field hs_cos_wrapper_type_rich_text\" data-hs-cos-general-type=\"meta_field\" data-hs-cos-type=\"rich_text\"><br \/>\n<\/span>[\/vc_column_text][vc_column_text el_class=\"blog-text-bloc\"]Parmi celles-ci, une des plus anim\u00e9es et attendues est la Pasola, dont le moment fort consiste en une joute \u00e9questre o\u00f9 de jeunes cavaliers des hautes et basses terres peuvent faire preuve de leurs talents de cavaliers et de guerriers en lan\u00e7ant des javelots en direction de leurs adversaires. Pour cet \u00e9v\u00e9nement, les cavaliers rev\u00eatent le costume traditionnel et d\u00e9corent leur monture.[\/vc_column_text][vc_column_text el_class=\"blog-text-bloc\"]<\/p>\n<h2>Le monde artisanal<\/h2>\n<p>Outre les sculptures sur bois ou pierre, la vannerie et autres objets rituels, les collectionneurs du monde entier s\u2019arrachent les tissages de Sumba, qui plus est ceux repr\u00e9sentant les rites, croyances et sc\u00e8nes de la vie quotidienne (chevaux, poissons, signes de fertilit\u00e9\u2026) transpos\u00e9s en de grands et na\u00effs motifs flamboyants. Les couleurs de base des tissages de l\u2019Est, obtenues \u00e0 partir de plantes (notamment l\u2019indigo, tr\u00e8s utilis\u00e9s) et racines, se reconnaissent \u00e0 leurs tons chauds\u00a0: ocre, rouille, brun\u2026[\/vc_column_text][vc_gallery interval=\"3\" images=\"54577,54579,54584\" img_size=\"medium\"][vc_column_text el_class=\"blog-caption-gallery-bloc\"]<span class=\"hs_cos_wrapper hs_cos_wrapper_meta_field hs_cos_wrapper_type_rich_text\" data-hs-cos-general-type=\"meta_field\" data-hs-cos-type=\"rich_text\">Tissages de Sumba (Photo : <a href=\"https:\/\/www.autigrevanille.ch\/fr\/specialiste-voyage\/silvia-fabbri\/\">Silvia Fabbri<\/a>, Au Tigre Vanill\u00e9)<\/span><span id=\"hs_cos_wrapper_post_body\" class=\"hs_cos_wrapper hs_cos_wrapper_meta_field hs_cos_wrapper_type_rich_text\" data-hs-cos-general-type=\"meta_field\" data-hs-cos-type=\"rich_text\"><br \/>\n<\/span>[\/vc_column_text][vc_column_text el_class=\"blog-text-bloc\"]Les ikats font partie int\u00e9grante de la vie de famille\u00a0: dots pour les mariages, linceuls des d\u00e9funts royaux, ou parure de s\u00e9duction, ces pi\u00e8ces magnifiques et toutes uniques repr\u00e9sentent une richesse unique pour tout Sumbanais. Ikat signifie \u00ab\u00a0lier, ligaturer\u00a0\u00bb en indon\u00e9sien et on comprend mieux pourquoi en assistant au travail minutieux des tisseurs dont certaines \u0153uvres peuvent prendre des mois, voire des ann\u00e9es, avant d\u2019aboutir.<\/p>\n<p>Un monde \u00e0 part que Sumba, o\u00f9 le surnaturel n'est jamais loin... autant que la beaut\u00e9 des lieux.[\/vc_column_text][\/vc_column][\/vc_row][vc_row el_class=\"blog-cta-contact\" css=\".vc_custom_1648721064696{margin-top: 60px !important;margin-bottom: 40px !important;background-color: #f5f0e6 !important;}\"][vc_column width=\"1\/2\" el_class=\"blog-cta-contact-col1\"][vc_single_image image=\"48599\" img_size=\"medium\"][\/vc_column][vc_column width=\"1\/2\" el_class=\"blog-cta-contact-col2\"][vc_column_text css=\".vc_custom_1649063978066{margin-bottom: 20px !important;}\"]<\/p>\n<h2>VOUS SOUHAITEZ PARTIR \u00c0 SUMBA ?<\/h2>\n<p>[\/vc_column_text][vc_column_text css=\".vc_custom_1648720867449{margin-top: 20px !important;}\"]Nous aimons prendre le temps n\u00e9cessaire pour mieux cerner les envies de nos voyageurs afin d'offrir une exp\u00e9rience qui corresponde le plus possible \u00e0 leurs attentes. Vous \u00eates pr\u00eat \u00e0 \u00e9laborer votre voyage sur mesure ?[\/vc_column_text][vc_btn title=\"CONTACTEZ NOS SP\u00c9CIALISTES INDON\u00c9SIE\" style=\"outline-custom\" outline_custom_color=\"#000000\" outline_custom_hover_background=\"#000000\" outline_custom_hover_text=\"#ffffff\" shape=\"square\" align=\"left\" link=\"url:https%3A%2F%2Fwww.autigrevanille.ch%2Ffr%2Fdestinations%2Findonesie%2F%23nos-createurs|title:Contactez%20nos%20sp%C3%A9cialistes\" el_class=\"button_voir_nos_etapes\"][\/vc_column][\/vc_row][vc_row el_class=\"content-container\"][vc_column][vc_raw_html]JTVCd3B2LXZpZXclMjBuYW1lJTNEJTIyYmxvZy1yZWxhdGVkLWFydGljbGVzLXJlbGF0ZWQtZGVzdGluYXRpb24lMjIlNUQ=[\/vc_raw_html][vc_column_text]<div class=\"bloc-newsletter-container\">\n    <div class=\"social-media\">\n        <h3>Partager l'article<\/h3>\n      <div>  \n        <a href=\"https:\/\/www.facebook.com\/sharer\/sharer.php?u=https:\/\/www.autigrevanille.ch\/fr\/blog\/sumba-modernite-et-spiritualite\/\"><img decoding=\"async\" style=\"width:50px;\" src=\"https:\/\/www.autigrevanille.ch\/wp-content\/uploads\/2021\/04\/facebook.png\"><\/a>\n        <a href=\"https:\/\/twitter.com\/intent\/tweet?text=https:\/\/www.autigrevanille.ch\/fr\/blog\/sumba-modernite-et-spiritualite\/\"><img decoding=\"async\" style=\"width:50px;\" src=\"https:\/\/www.autigrevanille.ch\/wp-content\/uploads\/2021\/04\/twitter.png\"><\/a>\n        <a href=\"https:\/\/www.linkedin.com\/shareArticle?mini=true&url=https:\/\/www.autigrevanille.ch\/fr\/blog\/sumba-modernite-et-spiritualite\/\"><img decoding=\"async\" style=\"width:50px;\" src=\"https:\/\/www.autigrevanille.ch\/wp-content\/uploads\/2021\/04\/linkedin.png\"><\/a>\n                <a href=\"mailto:?subject=Sumba, entre monde moderne et spiritualit\u00e9&amp;body=Tu avais d\u00e9j\u00e0 lu cet article du Blog de l'agence de cr\u00e9ation de voyage Au Tigre Vanill\u00e9 ? (https:\/\/www.autigrevanille.ch\/fr\/blog\/sumba-modernite-et-spiritualite\/)\"\n   title=\"Share by Email\"><img decoding=\"async\" style=\"width:50px;\" src=\"https:\/\/www.autigrevanille.ch\/wp-content\/uploads\/2021\/11\/bouton-email-blog.jpg\"><\/a>\n      <\/div>\n    <\/div>\n    <div class=\"newsletter\">\n        <h3>Abonnez-vous \u00e0 notre newsletter<\/h3>\n        <div>\n            <form class=\"js-cm-form\" id=\"subForm\" action=\"https:\/\/www.createsend.com\/t\/subscribeerror?description=\" method=\"post\" data-id=\"A61C50BEC994754B1D79C5819EC1255CA083EDFB87A5E3A05DE37441CC77A8DFD2601A7411A3EDBD911334F9FAFDF85709FF16C131DE573FE525CD1BBFFBFD99\">\n            <input autocomplete=\"Email\" aria-label=\"Email\" class=\"js-cm-email-input qa-input-email\" id=\"fieldEmail\" maxlength=\"200\" name=\"cm-jtkymr-jtkymr\" placeholder=\"Votre e-mail\" required=\"\" type=\"email\"><\/div> <button class=\"blog-bouton-newsletter\" type=\"submit\">S'inscrire<\/button><\/form><\/div><script type=\"text\/javascript\" src=\"https:\/\/js.createsend1.com\/javascript\/copypastesubscribeformlogic.js\"><\/script>\n  \t   <\/div>\n    <\/div>\n<\/div>[\/vc_column_text][\/vc_column][\/vc_row][vc_row css=\".vc_custom_1543506218851{margin-top: 0px !important;margin-right: 0px !important;margin-bottom: 0px !important;margin-left: 0px !important;border-bottom-width: 0px !important;padding-top: 0px !important;padding-right: 0px !important;padding-bottom: 0px !important;padding-left: 0px !important;}\"][vc_column css=\".vc_custom_1543506208724{margin-top: 0px !important;margin-right: 0px !important;margin-bottom: 0px !important;padding-top: 0px !important;padding-right: 0px !important;padding-bottom: 0px !important;padding-left: 0px !important;}\"][vc_column_text css=\".vc_custom_1543506527672{margin-top: 0px !important;margin-bottom: 0px !important;border-bottom-width: 0px !important;padding-top: 0px !important;}\"]<div class=\"wpb-content-wrapper\">\n<div class=\"tb-fields-and-text\" data-toolset-blocks-fields-and-text=\"3e1d2592ce20bdf2bf813c9dfa44c991\">\n    <div class=\"wpb_text_column wpb_content_element vc_custom_1543505395542\">\n        <div class=\"wpb_wrapper\">\n            <div id=\"footer-bloc\" class=\"vc_row wpb_row vc_row-fluid vc_custom_1615999363964\">\n                <div class=\"wpb_column vc_column_container vc_column_container_footer vc_col-sm-12\">\n                    <div class=\"vc_column-inner vc_custom_1534760528264\">\n                        <div class=\"wpb_wrapper\">\n                            <div class=\"vc_row wpb_row vc_inner vc_row-fluid vc_custom_1549890561333 vc_row-has-fill\">\n                                <div class=\"wpb_column vc_column_container vc_col-sm-12\">\n                                    <div class=\"vc_column-inner vc_custom_1537963523850\">\n                                        <div class=\"wpb_wrapper\">\n                                            <div\n                                                class=\"vc_separator wpb_content_element vc_separator_align_center vc_sep_width_100 vc_sep_double vc_sep_pos_align_center titreSeparateur vc_separator-has-text\">\n                                                <span class=\"vc_sep_holder vc_sep_holder_l\" style=\"display: flex;\"><span\n                                                        style=\"border-color:#aa956d;\"\n                                                        class=\"vc_sep_line\">\u00a0<\/span>\u00a0<\/span>\n                                                <h2 style=\"display: flex;\">POURQUOI FAIRE CONFIANCE<br \/>AU TIGRE\n                                                    VANILL\u00c9<\/h2>\n                                                <p style=\"display: contents;\"><span\n                                                        class=\"vc_sep_holder vc_sep_holder_l\" style=\"display: flex;\">\n                                                        <span style=\"border-color:#aa956d;\" class=\"vc_sep_line\">\n                                                        <\/span>\n                                                    <\/span>\n                                                <\/p>\n                                            <\/div>\n                                            <div class=\"vc_empty_space hidden-sm hidden-xs\" style=\"height: 52px;\"><\/div>\n                                        <\/div>\n                                    <\/div>\n                                <\/div>\n                            <\/div>\n                            <div class=\"vc_row wpb_row vc_inner vc_row-fluid vc_custom_1549890597043 vc_row-has-fill\">\n                                <div class=\"col-sm-3 col-xs-6 wpb_column vc_column_container vc_col-sm-3\">\n                                    <div class=\"vc_column-inner\">\n                                        <div class=\"wpb_wrapper\">\n                                            <div class=\"wpb_single_image wpb_content_element vc_align_center small\">\n                                                <figure class=\"wpb_wrapper vc_figure\">\n                                                    <div class=\"vc_single_image-wrapper vc_box_border_grey\"><img decoding=\"async\" loading=\"lazy\"\n                                                            class=\"vc_single_image-img attachment-full lazy loaded\"\n                                                            src=\"https:\/\/www.autigrevanille.ch\/wp-content\/uploads\/2022\/12\/Picto-Nos-Experts-Voyages.jpg\"\n                                                            alt=\"Pictogramme de loupe\" width=\"300\" height=\"200\"\n                                                            data-src=\"https:\/\/www.autigrevanille.ch\/wp-content\/uploads\/2022\/12\/Picto-Nos-Experts-Voyages.jpg\" \/>\n                                                    <\/div>\n                                                <\/figure>\n                                            <\/div>\n                                            <div class=\"wpb_text_column wpb_content_element PaysConfiance\">\n                                                <div class=\"wpb_wrapper\">\n                                                    <p style=\"text-align: center;\">Nous sommes<strong><br \/>\n                                                        <\/strong>des experts<br \/>\n                                                        de <a\n                                                            href=\"https:\/\/www.autigrevanille.ch\/fr\/destinations\/menu-sur-mesure\/\"><strong>nos\n                                                                destinations.<\/strong><\/a><\/p>\n                                                <\/div>\n                                            <\/div>\n                                        <\/div>\n                                    <\/div>\n                                <\/div>\n                                <div class=\"col-sm-3 col-xs-6 wpb_column vc_column_container vc_col-sm-3\">\n                                    <div class=\"vc_column-inner\">\n                                        <div class=\"wpb_wrapper\">\n                                            <div class=\"wpb_single_image wpb_content_element vc_align_center small\">\n                                                <figure class=\"wpb_wrapper vc_figure\">\n                                                    <div class=\"vc_single_image-wrapper vc_box_border_grey\"><img decoding=\"async\" loading=\"lazy\"\n                                                            class=\"vc_single_image-img attachment-full lazy loaded\"\n                                                            src=\"https:\/\/www.autigrevanille.ch\/wp-content\/uploads\/2022\/04\/picto-vrai-sur-mesure.png\"\n                                                            alt=\"\" width=\"300\" height=\"200\"\n                                                            data-src=\"https:\/\/www.autigrevanille.ch\/wp-content\/uploads\/2022\/04\/picto-vrai-sur-mesure.png\" \/>\n                                                    <\/div>\n                                                <\/figure>\n                                            <\/div>\n                                            <div class=\"wpb_text_column wpb_content_element PaysConfiance\">\n                                                <div class=\"wpb_wrapper\">\n                                                    <p style=\"text-align: center;\"><a\n                                                            href=\"https:\/\/www.autigrevanille.ch\/fr\/a-propos\/agence-de-creation-de-voyages\/\"><strong>Du\n                                                                vrai sur mesure !<\/strong><\/a><br \/>\n                                                        Nous personnalisons<br \/>\n                                                        (vraiment) vos voyages.<\/p>\n                                                <\/div>\n                                            <\/div>\n                                        <\/div>\n                                    <\/div>\n                                <\/div>\n                                <div class=\"col-sm-3 col-xs-6 wpb_column vc_column_container vc_col-sm-3\">\n                                    <div class=\"vc_column-inner\">\n                                        <div class=\"wpb_wrapper\">\n                                            <div class=\"wpb_single_image wpb_content_element vc_align_center small\">\n                                                <figure class=\"wpb_wrapper vc_figure\">\n                                                    <div class=\"vc_single_image-wrapper vc_box_border_grey\"><img decoding=\"async\" loading=\"lazy\"\n                                                            class=\"vc_single_image-img attachment-full lazy loaded\"\n                                                            src=\"https:\/\/www.autigrevanille.ch\/wp-content\/uploads\/2022\/04\/picto-nos-specialistes.png\"\n                                                            alt=\"\" width=\"300\" height=\"200\"\n                                                            data-src=\"https:\/\/www.autigrevanille.ch\/wp-content\/uploads\/2022\/04\/picto-nos-specialistes.png\" \/>\n                                                    <\/div>\n                                                <\/figure>\n                                            <\/div>\n                                            <div class=\"wpb_text_column wpb_content_element PaysConfiance\">\n                                                <div class=\"wpb_wrapper\">\n                                                    <p style=\"text-align: center;\"><a\n                                                            href=\"https:\/\/www.autigrevanille.ch\/fr\/a-propos\/notre-equipe\/\"><strong>Un\n                                                                de nos sp\u00e9cialistes<\/strong><\/a><br \/>\n                                                        vous est d\u00e9di\u00e9 pour<br \/>\n                                                        toute la pr\u00e9paration.<\/p>\n                                                <\/div>\n                                            <\/div>\n                                        <\/div>\n                                    <\/div>\n                                <\/div>\n                                <div class=\"col-sm-3 col-xs-6 wpb_column vc_column_container vc_col-sm-3\">\n                                    <div class=\"vc_column-inner\">\n                                        <div class=\"wpb_wrapper\">\n                                            <div class=\"wpb_single_image wpb_content_element vc_align_center small\">\n                                                <figure class=\"wpb_wrapper vc_figure\">\n                                                    <div class=\"vc_single_image-wrapper vc_box_border_grey\"><img decoding=\"async\" loading=\"lazy\"\n                                                            class=\"vc_single_image-img attachment-full lazy loaded\"\n                                                            src=\"https:\/\/www.autigrevanille.ch\/wp-content\/uploads\/2022\/04\/picto-services-agence.png\"\n                                                            alt=\"\" width=\"300\" height=\"200\"\n                                                            data-src=\"https:\/\/www.autigrevanille.ch\/wp-content\/uploads\/2022\/04\/picto-services-agence.png\" \/>\n                                                    <\/div>\n                                                <\/figure>\n                                            <\/div>\n                                            <div class=\"wpb_text_column wpb_content_element PaysConfiance\">\n                                                <div class=\"wpb_wrapper\">\n                                                    <p style=\"text-align: center;\"><strong><a\n                                                                href=\"https:\/\/www.autigrevanille.ch\/fr\/a-propos\/des-services-personnalises\/\">Nous\n                                                                g\u00e9rons tout<\/a>.<\/strong><br \/>\n                                                        Dans les moindres<br \/>\n                                                        d\u00e9tails.<\/p>\n                                                <\/div>\n                                            <\/div>\n                                        <\/div>\n                                    <\/div>\n                                <\/div>\n                            <\/div>\n                            <div class=\"vc_row wpb_row vc_inner vc_row-fluid vc_custom_1549890605237 vc_row-has-fill\">\n                                <div class=\"wpb_column vc_column_container vc_col-sm-12\">\n                                    <div class=\"vc_column-inner vc_custom_1537887407590\">\n                                        <div class=\"wpb_wrapper\">\n                                            <div class=\"vc_empty_space hidden-sm\" style=\"height: 32px;\"><\/div>\n                                        <\/div>\n                                    <\/div>\n                                <\/div>\n                            <\/div>\n                        <\/div>\n                    <\/div>\n                <\/div>\n            <\/div>\n            <div id=\"footer-global\" class=\"vc_row wpb_row vc_row-fluid vc_custom_1633696329940 vc_row-has-fill\">                \n                <div class=\"wpb_column vc_column_container vc_col-sm-3\">\n                    <div class=\"vc_column-inner\">\n                        <div class=\"wpb_wrapper\">\n                            <div class=\"wpb_text_column wpb_content_element footer\">\n                                <div class=\"wpb_wrapper\">\n                                    <p><strong>QUI SOMMES-NOUS ?<\/strong><\/p>\n                                    <p> <a href=\"https:\/\/www.autigrevanille.ch\/fr\/a-propos\/agence-de-creation-de-voyages\/\">Notre approche<\/a><br \/>\n                                        <a href=\"https:\/\/www.autigrevanille.ch\/fr\/a-propos\/des-services-personnalises\/\">Nos services<\/a><br \/>\n                                        <a href=\"https:\/\/www.autigrevanille.ch\/fr\/a-propos\/notre-equipe\/\">Notre \u00e9quipe<\/a><br \/>\n                                        <a title=\"D\u00e9couvrez toutes nos offres d'emploi\" href=\"https:\/\/www.autigrevanille.ch\/fr\/rejoignez-nous\/\">Rejoignez-nous !<\/a><br><br>\n                                    <\/p>\n                                <\/div>\n                            <\/div>\n                        <\/div>\n                    <\/div>\n                <\/div>\n                <div class=\"wpb_column vc_column_container vc_col-sm-3\">\n                    <div class=\"vc_column-inner\">\n                        <div class=\"wpb_wrapper\">\n                            <div class=\"wpb_text_column wpb_content_element footer\">\n                                <div class=\"wpb_wrapper\">\n                                    <p><strong>LISTES DE MARIAGE<\/strong><\/p>\n                                    <a href=\"https:\/\/www.autigrevanille.ch\/fr\/voyages-de-noces\/\" target=\"_blank\" rel=\"noopener noreferrer\">Voyages de noces<\/a><br \/>\n                                    <a href=\"https:\/\/www.vanillatiger.ch\/fr\/mariages\" target=\"_blank\" rel=\"noopener noreferrer\">Pour les invit\u00e9s<\/a><br \/>\n                                    <a href=\"https:\/\/www.vanillatiger.ch\/clients\/\" target=\"_blank\" rel=\"noopener noreferrer\">Pour les mari\u00e9s<\/a>\n                                <\/div>\n                            <\/div>\n                        <\/div>\n                    <\/div>\n                <\/div>\n                <div class=\"wpb_column vc_column_container vc_col-sm-3\">\n                    <div class=\"vc_column-inner\">\n                        <div class=\"wpb_wrapper\">\n                            <div class=\"wpb_text_column wpb_content_element footer\">\n                                <div class=\"wpb_wrapper\">\n                                    <p><strong>ACCES RAPIDE<\/strong><\/p>\n                                    <p><a class=\"popup_navigation-sur-mesure\" href=\"#\" target=\"_blank\" rel=\"noopener noreferrer\">Nos destinations<\/a><br \/>\n                                        <a href=\"https:\/\/www.autigrevanille.ch\/fr\/voyages-en-petit-groupe\/\" target=\"_blank\" rel=\"noopener noreferrer\">En petit groupe<\/a><br \/>\n                                        <a class=\"popup_selon_vos_envie\" href=\"#\" target=\"_blank\" rel=\"noopener noreferrer\">Selon vos envies<\/a><br \/>\n                                        <a href=\"https:\/\/www.autigrevanille.ch\/fr\/blog\/\" target=\"_blank\" rel=\"noopener noreferrer\">Le blog du Tigre<\/a><br \/>\n                                        <a href=\"https:\/\/www.autigrevanille.ch\/fr\/prise-de-rdv\/?ins_portable=%2B41\" target=\"_blank\" rel=\"noopener noreferrer\">Contact<\/a>\n                                    <\/p>\n                                <\/div>\n                            <\/div>\n                        <\/div>\n                    <\/div>\n                <\/div>\n                <div class=\"wpb_column vc_column_container vc_col-sm-3\">\n                    <div class=\"vc_column-inner\">\n                        <div class=\"wpb_wrapper\">\n                            <a href=\"https:\/\/www.serandipians.com\" rel=\"Site web de Serandipians by Traveller Made noopener\" target=\"_blank\"><img decoding=\"async\" loading=\"lazy\"\n                                    src=\"https:\/\/www.autigrevanille.ch\/wp-content\/uploads\/2022\/02\/Serandipians-by-Traveller-Made_white-800x346.png\"\n                                    alt=\"Logo Serandipians-by-Traveller-Made\" width=\"200\" height=\"86\"\n                                    class=\"size-small\" \/><\/a>\n                        <\/div>\n                    <\/div>\n                <\/div>\n                \n                <div class=\"wpb_column vc_column_container vc_column_container_footer vc_col-sm-12\">\n                    <div class=\"vc_column-inner vc_custom_1534760528264 mainBlockPartenaire\">\n                        <div class=\"wpb_wrapper\">\n                            <div class=\"vc_row wpb_row vc_inner vc_row-fluid vc_custom_1549890561333 vc_row-has-fill\">\n                                <div class=\"wpb_column vc_column_container vc_col-sm-12\">\n                                    <div class=\"vc_column-inner vc_custom_1537963523850 blockPartenaire\">\n                                        <div class=\"wpb_wrapper\">\n                                            <div\n                                                class=\"vc_separator wpb_content_element vc_separator_align_center vc_sep_width_100 vc_sep_double vc_sep_pos_align_center titreSeparateur vc_separator-has-text\">\n                                                \n                                                <h3 class=\"subTitleFooter\" style=\"display: flex;\">Abonnez-vous \u00e0 notre newsletter<\/h3>\n                                               \n                                            <\/div>\n                                            <div class=\"vc_empty_space hidden-sm hidden-xs\" style=\"height: 52px;\"><\/div>\n                                        <\/div>\n                                    <\/div>\n                                <\/div>\n                            <\/div>\n                            <div class=\"vc_row wpb_row vc_inner vc_row-fluid vc_custom_1549890597043 vc_row-has-fill\">\n                                <div class=\"wpb_column vc_column_container vc_col-sm-12\">\n                                    <div class=\"vc_column-inner newsletter\">\n                                        <div class=\"wpb_wrapper\">\n                                            <div>\n                                                <form class=\"js-cm-form\" id=\"subForm\"\n                                                    action=\"https:\/\/www.createsend.com\/t\/subscribeerror?description=\"\n                                                    method=\"post\"\n                                                    data-id=\"A61C50BEC994754B1D79C5819EC1255CA083EDFB87A5E3A05DE37441CC77A8DFD2601A7411A3EDBD911334F9FAFDF85709FF16C131DE573FE525CD1BBFFBFD99\">\n                                                    <div>\n                                                        <div>\n                                                            <p>\n                                                                <input autocomplete=\"Email\" aria-label=\"Email\"\n                                                                    class=\"js-cm-email-input qa-input-email newsletter\" id=\"fieldEmail\"\n                                                                    maxlength=\"200\" name=\"cm-jtkymr-jtkymr\" placeholder=\"Email*\"\n                                                                    required=\"\" type=\"email\">\n                                                                <button class=\"button_newsletter newsletter\" type=\"submit\">Inscription<\/button>\n                                                            <\/p>\n                                                        <\/div>\n                                                    <\/div>\n                                                <\/form>\n                                            <\/div>\n                                            <p>\n                                                <script type=\"text\/javascript\"\n                                                    src=\"https:\/\/js.createsend1.com\/javascript\/copypastesubscribeformlogic.js\"><\/script><\/p>\n                                        <\/div>\n                                    <\/div>\n                                <\/div>\n                            <\/div>\n                        <\/div>\n                    <\/div>\n                <\/div>\n            <\/div>\n            <div id=\"partenaires\" class=\"wpb_column vc_column_container vc_column_container_footer vc_col-sm-12\">\n                <div class=\"vc_column-inner vc_custom_1534760528264 mainBlockPartenaire\">\n                    <div class=\"wpb_wrapper\">\n                        <div class=\"vc_row wpb_row vc_inner vc_row-fluid vc_custom_1549890561333 vc_row-has-fill\">\n                            <div class=\"wpb_column vc_column_container vc_col-sm-12\">\n                                <div class=\"vc_column-inner vc_custom_1537963523850 blockPartenaire\">\n                                    <div class=\"wpb_wrapper\">\n                                        <div\n                                            class=\"vc_separator wpb_content_element vc_separator_align_center vc_sep_width_100 vc_sep_double vc_sep_pos_align_center titreSeparateur vc_separator-has-text\">\n                                           \n                                            <h3 class=\"subTitleFooter\" style=\"display: flex;\">Nos autres activit\u00e9s<\/h3>\n                                           \n                                        <\/div>\n                                        <div class=\"vc_empty_space hidden-sm hidden-xs\" style=\"height: 52px;\"><\/div>\n                                    <\/div>\n                                <\/div>\n                            <\/div>\n                        <\/div>\n                    <\/div>\n                <\/div>\n                \n                <div class=\"wpb_column vc_column_container vc_col-sm-4\">\n                    <div class=\"vc_column-inner\">\n                        <div class=\"wpb_wrapper\">\n                            <a href=\"https:\/\/lesmondespolaires.ch\/\" rel=\"Les mondes polaires - Exp\u00e9ditions et circuit en Arctique Antartique noopener\" target=\"_blank\">\n                                <img decoding=\"async\" loading=\"lazy\"\n                                    src=\"https:\/\/www.autigrevanille.ch\/wp-content\/uploads\/2023\/07\/Les-mondes-polaires-2.png\"\n                                    alt=\"Logo Les Mondes Polaires\" width=\"175\" height=\"120\"\n                                    class=\"size-small\" \/>\n                                    <p>Exp\u00e9ditions et circuits en <br>Arctique et Antarctique<\/p>\n                            <\/a>\n                        <\/div>\n                    <\/div>\n                <\/div>\n                <!-- <div class=\"wpb_column vc_column_container vc_col-sm-4\">\n                    <div class=\"vc_column-inner\">\n                        <div class=\"wpb_wrapper\">\n                            <a href=\"https:\/\/www.tirawa.com\/\" rel=\"Tirawa - Voyage randonn\u00e9e en petit groupe noopener\" target=\"_blank\">\n                                <img decoding=\"async\" loading=\"lazy\"\n                                    src=\"https:\/\/www.autigrevanille.ch\/wp-content\/uploads\/2023\/07\/Tirawa-2.png\"\n                                    alt=\"Logo Tirawa\" width=\"175\" height=\"120\"\n                                    class=\"size-small\" \/>\n                                    <p>Voyages randonn\u00e9e en <br>petit groupe<\/p>\n                            <\/a>\n                        <\/div>\n                    <\/div>\n                <\/div> -->\n                <div class=\"wpb_column vc_column_container vc_col-sm-4\">\n                    <div class=\"vc_column-inner\">\n                        <div class=\"wpb_wrapper\">\n                            <a href=\"https:\/\/www.photographe-voyageur.com\/\" rel=\"Concours du Phototgraphe Voyageur noopener\" target=\"_blank\">\n                                <img decoding=\"async\" loading=\"lazy\"\n                                    src=\"https:\/\/www.autigrevanille.ch\/wp-content\/uploads\/2023\/07\/Concours-photographe-voyageur-2.png\"\n                                    alt=\"Logo Phototgraphe Voyageur\" width=\"175\" height=\"120\"\n                                    class=\"size-small\" \/>\n                                    <p>Concours du <br>Phototgraphe Voyageur<\/p>\n                            <\/a>\n                        <\/div>\n                    <\/div>\n                <\/div>\n                <div class=\"wpb_column vc_column_container vc_col-sm-4\">\n                    <div class=\"vc_column-inner\">\n                        <div class=\"wpb_wrapper\">\n                            <a href=\"https:\/\/www.watchandcow.com\/\" rel=\"Watch and Cow - Circuit de luxe sur mesure en Suisse noopener\" target=\"_blank\">\n                                <img decoding=\"async\" loading=\"lazy\"\n                                    src=\"https:\/\/www.autigrevanille.ch\/wp-content\/uploads\/2023\/07\/Watch-and-cow-2.png\"\n                                    alt=\"Logo Watch and Cow\" width=\"175\" height=\"120\"\n                                    class=\"size-small\" \/>\n                                    <p>Circuits de luxe sur mesure<br> en Suisse<\/p>\n                            <\/a>\n                        <\/div>\n                    <\/div>\n                <\/div>\n                <div class=\"wpb_column vc_column_container vc_col-sm-12 mentions\">\n                    <div class=\"vc_column-inner vc_custom_1606125359772\">\n                        <div class=\"wpb_wrapper\">\n                            <div class=\"wpb_text_column wpb_content_element footer\">\n                                <div class=\"wpb_wrapper\">\n                                    <p style=\"text-align: center;\">\u00a9 Au Tigre Vanill\u00e9 S\u00e0rl - <a\n                                            href=\"https:\/\/www.autigrevanille.ch\/informations-legales\/#mentions-legales\">Mentions\n                                            l\u00e9gales<\/a> | <a\n                                            href=\"https:\/\/www.autigrevanille.ch\/informations-legales\/#conditions-generales\">Conditions\n                                            G\u00e9n\u00e9rales<\/a> | <a\n                                            href=\"https:\/\/www.autigrevanille.ch\/informations-legales\/#protection-des-donnees\">Politique\n                                            de confidentialit\u00e9<\/a><\/p>\n                                <\/div>\n                            <\/div>\n                        <\/div>\n                    <\/div>\n                <\/div>\n            <\/div>\n        <\/div>\n            <style type=\"text\/css\" data-type=\"rcb-_wpb_shortcodes_custom_css-1867\">\n                .vc_custom_1543505406831>.vc_column-inner {\n                    padding-left: 0px !important;\n                    padding-right: 0px !important;\n                }\n                .vc_custom_1615999363964 {\n                    margin-top: 0px !important;\n                    margin-right: 0px !important;\n                    margin-bottom: 0px !important;\n                    margin-left: 0px !important;\n                    padding-top: 0px !important;\n                    padding-bottom: 0px !important;\n                }\n                .vc_custom_1633696329940 {\n                    padding-right: 10% !important;\n                    padding-left: 10% !important;\n                    background-color: #807b6c !important;\n                }\n                .vc_custom_1606125322289 {\n                    margin-top: 0px !important;\n                    margin-right: 0px !important;\n                    margin-bottom: 0px !important;\n                    margin-left: 0px !important;\n                    background-color: #807b6c !important;\n                }\n                .vc_custom_1534760528264 {\n                    padding-top: 0px !important;\n                    padding-right: 0px !important;\n                    padding-left: 0px !important;\n                }\n                div#footer-bloc {\n                    background-color: #f5f1e7 !important;\n                }\n                div#footer-bloc.partenaires {\n                    background: #FFFFFF !important;\n                }\n                div#footer-bloc.partenaires .PaysConfiance {\n                    margin-top: 20px;\n                }\n                .vc_separator.vc_separator_align_center h2 {\n                    padding: 0 0.8em;\n                    font-size: 3.6rem!important;\n                }\n                .vc_custom_1549890597043 {\n                    padding-right: 7% !important;\n                    padding-left: 7% !important;\n                }\n                .vc_custom_1549890605237 {\n                    padding-right: 10% !important;\n                    padding-left: 10% !important;\n                }\n                .vc_custom_1537963523850 {\n                    margin-top: 80px !important;\n                    padding-right: 10% !important;\n                    padding-left: 10% !important;\n                }\n                .vc_custom_1537887407590 {\n                    padding-right: 10% !important;\n                    padding-left: 10% !important;\n                }\n                .vc_custom_1637309831446 {\n                    margin-bottom: 20px !important;\n                }\n                .vc_custom_1635503718737 {\n                    margin-bottom: 30px !important;\n                }\n                .vc_custom_1606125359772 {\n                    padding-bottom: 10px !important;\n                }\n              #content .wpb_alert p:last-child, #content .wpb_text_column :last-child, #content .wpb_text_column p:last-child, .wpb_alert p:last-child, .wpb_text_column :last-child, .wpb_text_column p:last-child {\n    margin-bottom: 0;\n    border-right:inherit;\n}\n              .entry-content a {\n    border: none;\n    color: #d59814;\n    font-weight: inherit !important;\n}\n            img.partenaireIMG {\n                width: 175px;\n            }\n            a.partenaireLink {\n                opacity: .7;\n                -webkit-transition: all 300ms ease-out;\n                -moz-transition: all 300ms ease-out;\n                -ms-transition: all 300ms ease-out;\n                -o-transition: all 300ms ease-out;\n                transition: all 300ms ease-out;\n            }\n            a.partenaireLink:hover {\n                opacity: 1;-webkit-transition: all 300ms ease-out;\n                -moz-transition: all 300ms ease-out;\n                -ms-transition: all 300ms ease-out;\n                -o-transition: all 300ms ease-out;\n                transition: all 300ms ease-out;\n            }\n            p.partenaireSubTitle {\n                text-align: center;\n                font-size: 14px !important;\n                margin-top: 15px;\n                color: #FFFFFF !important;\n            }\n            .blockPartenaire{\n                margin-top: 30px !important;\n                padding-top: 10px !important;\n                margin-bottom: -30px !important;\n            }\n            .blockPartenaire h2{\n                color: #FFFFFF !important;\n            }\n            .mainBlockPartenaire{\n                margin-bottom: 40px !important;\n            }\n            button.newsletter {\n                border: none;\n                background: #aa956d;\n                border-radius: 0px !important;\n                margin-left: -4px;\n            }   \n            input.newsletter {\n                padding: 9px 10px 8px 10px;\n                border: none !important;\n                border-radius: 0px;    \n                width: 50%;\n                margin-left: calc(25% - 70px);\n            }\n            h3.subTitleFooter {\n                display: flex;\n                color: #FFFFFF;\n                font-size: 30px;\n                padding: 0 40px;\n                font-weight: 100;\n                letter-spacing: 1px;\n                text-align: center;\n                line-height: 26px;\n            }\n            .vc_column-inner.newsletter{\n                padding-top: 0 !important;\n            }\n            .footer p strong {\n                text-decoration: underline;\n                margin-bottom: 8px !important;\n                display: block;\n            }\n            .footer p {\n    font-size: 1.4rem !important;\n    font-family: 'Raleway' !important;\n    font-weight: 400 !important;\n}\n.vc_column-inner.vc_custom_1534760528264.mainBlockPartenaire {\n    margin-bottom: 0px !important;\n}\n\n            #partenaires {\n                background: #928f80;\n                display: flex;\n                flex-direction: row;\n                flex-wrap: wrap;\n                justify-content: center;  \/* \u2190 R\u00e9partit uniform\u00e9ment avec espaces \u00e9gaux *\/\n    \t\t\talign-items: center;\n                padding-top: 20px;\n            }\n\n            #partenaires .vc_separator.vc_sep_double .vc_sep_line {\n                border-bottom: 1px solid #ffffff!important;\n                border-top: 2px solid #ffffff!important;\n            }\n\n\n            #partenaires .wpb_column.vc_column_container.vc_col-sm-4 {\n                display: flex;\n                flex-direction: column;\n                align-content: center;\n                justify-content: center;\n                align-items: stretch;\n            }\n            #partenaires .wpb_column.vc_column_container.vc_col-sm-4 .wpb_wrapper {\n                display: flex;\n                flex-direction: column;\n                align-content: center;\n                flex-wrap: wrap;\n            }\n            #partenaires .wpb_column.vc_column_container.vc_col-sm-4 .wpb_wrapper p {\n                font-size: 13px !important;\n                color: #ffffff !important;\n                text-align: center;\n                margin-top: 5px;\n            }\n            #partenaires .wpb_column.vc_column_container.vc_col-sm-4 .wpb_wrapper a {\n                opacity: .7;\n                -webkit-transition: all 300ms ease-out;\n                -moz-transition: all 300ms ease-out;\n                -ms-transition: all 300ms ease-out;\n                -o-transition: all 300ms ease-out;\n                transition: all 300ms ease-out;\n            }\n            #partenaires .wpb_column.vc_column_container.vc_col-sm-4 .wpb_wrapper a:hover {\n                opacity: 1;\n                -webkit-transition: all 300ms ease-out;\n                -moz-transition: all 300ms ease-out;\n                -ms-transition: all 300ms ease-out;\n                -o-transition: all 300ms ease-out;\n                transition: all 300ms ease-out;\n            }\n            #partenaires .wpb_column.vc_column_container.vc_col-sm-12.mentions {\n                margin-top: 30px;\n            }\n            #footer-global {\n                padding-bottom: 4rem;\n            }\n              .vc_separator.vc_sep_double {\n    height: 3px;\n    display: flex;\n    flex-wrap: nowrap;\n    align-content: flex-start;\n    justify-content: center;\n}\n\n\/* Version mobile sp\u00e9cifique - CORRIG\u00c9E *\/\n\/* Solution RADICALE pour mobile - cibler le vrai probl\u00e8me *\/\n@media (max-width: 768px) {\n    \/* Forcer la hauteur automatique pour \u00e9viter la superposition *\/\n    .wpb_column.vc_column_container.vc_col-sm-12 {\n        height: auto !important;\n        min-height: auto !important;\n        overflow: visible !important;\n    }\n    \n    \/* R\u00e9organiser compl\u00e8tement la section newsletter *\/\n    .vc_column-inner.newsletter,\n    .wpb_column.vc_column_container.vc_column_container_footer.vc_col-sm-12 .vc_column-inner {\n        height: auto !important;\n        min-height: auto !important;\n        padding: 20px 10px !important;\n        margin-bottom: 20px !important;\n        display: block !important;\n        overflow: visible !important;\n    }\n    \n    \/* Forcer les \u00e9l\u00e9ments du formulaire en vertical *\/\n    .vc_column-inner.newsletter form,\n    .vc_column-inner.newsletter form div,\n    .vc_column-inner.newsletter form div div,\n    .vc_column-inner.newsletter form p {\n        display: block !important;\n        width: 100% !important;\n        text-align: center !important;\n        margin: 0 !important;\n        padding: 5px 0 !important;\n    }\n    \n    \/* Input et bouton en mode empil\u00e9 *\/\n    input.newsletter {\n        width: 80% !important;\n        margin: 0 auto 15px auto !important;\n        display: block !important;\n    }\n    \n    button.button_newsletter {\n        margin: 0 auto !important;\n        display: block !important;\n        width: fit-content !important;\n    }\n    \n    \/* Espacement entre sections *\/\n    #footer-global {\n        margin-bottom: 20px !important;\n    }\n    \n    #partenaires {\n        margin-top: 20px !important;\n        clear: both !important;\n    }\n}\n\n\n            <\/style>\n        <\/div>\n    <\/div>\n<\/div>\n<\/div>\n<\/div>[\/vc_column_text][\/vc_column][\/vc_row]<\/p>\n<\/div>","protected":false},"excerpt":{"rendered":"<p>\u00c0 moins d&rsquo;une heure de vol de Bali, Sumba nous d\u00e9voile d\u00e8s l&rsquo;arriv\u00e9e une atmosph\u00e8re bien \u00e9loign\u00e9e de sa fr\u00e9n\u00e9tique voisine. Le petit a\u00e9roport de Waingapu a des airs de brousse et la route qui longe la c\u00f4te Est laisse entrevoir des troupeaux de buffles et   villages \u00e9parpill\u00e9s entre mer turquoise et p\u00e2turages arides. De douces collines o\u00f9 s&rsquo;\u00e9battent des chevaux sauvages rappelant les steppes mongoles ponctuent l&rsquo;horizon, bord\u00e9es de kilom\u00e8tres de plages de sable vierges, entrecoup\u00e9es de foisonnantes mangroves. Le voyageur passionn\u00e9 d&rsquo;Asie perd ici tous ses rep\u00e8res et se voit offrir un condens\u00e9 de nature et climats sur seulement 11&rsquo;000 km2, faisant de Sumba la 4\u00e8me des petites \u00eeles de la Sonde orientale, derri\u00e8re Timor, Sumbawa et Flores.<\/p>\n","protected":false},"featured_media":55264,"template":"","tag_pays":[21],"tag_thematique":[142],"tag_auteur":[144],"acf":[],"yoast_head":"<!-- This site is optimized with the Yoast SEO plugin v21.5 - https:\/\/yoast.com\/wordpress\/plugins\/seo\/ -->\n<title>Sumba : modernit\u00e9 et spiritualit\u00e9 | Au Tigre Vanill\u00e9, sp\u00e9cialiste Indon\u00e9sie<\/title>\n<meta name=\"description\" content=\"\u00c0 moins d&#039;une heure de vol de Bali, Sumba nous d\u00e9voile d\u00e8s l&#039;arriv\u00e9e une atmosph\u00e8re bien \u00e9loign\u00e9e de sa fr\u00e9n\u00e9tique voisine.\" \/>\n<meta name=\"robots\" content=\"index, follow, max-snippet:-1, max-image-preview:large, max-video-preview:-1\" \/>\n<link rel=\"canonical\" href=\"https:\/\/www.autigrevanille.ch\/fr\/blog\/sumba-modernite-et-spiritualite\/\" \/>\n<meta property=\"og:locale\" content=\"fr_FR\" \/>\n<meta property=\"og:type\" content=\"article\" \/>\n<meta property=\"og:title\" content=\"Sumba : modernit\u00e9 et spiritualit\u00e9 | Au Tigre Vanill\u00e9, sp\u00e9cialiste Indon\u00e9sie\" \/>\n<meta property=\"og:description\" content=\"\u00c0 moins d&#039;une heure de vol de Bali, Sumba nous d\u00e9voile d\u00e8s l&#039;arriv\u00e9e une atmosph\u00e8re bien \u00e9loign\u00e9e de sa fr\u00e9n\u00e9tique voisine.\" \/>\n<meta property=\"og:url\" content=\"https:\/\/www.autigrevanille.ch\/fr\/blog\/sumba-modernite-et-spiritualite\/\" \/>\n<meta property=\"og:site_name\" content=\"Au Tigre Vanill\u00e9, agence de voyages sur mesure\" \/>\n<meta property=\"article:publisher\" content=\"https:\/\/www.facebook.com\/autigrevanille\" \/>\n<meta property=\"article:modified_time\" content=\"2022-04-12T13:20:17+00:00\" \/>\n<meta property=\"og:image\" content=\"https:\/\/www.autigrevanille.ch\/wp-content\/uploads\/2021\/11\/indonesie-sumba-maisons-traditionnelles-1.jpg\" \/>\n\t<meta property=\"og:image:width\" content=\"1200\" \/>\n\t<meta property=\"og:image:height\" content=\"821\" \/>\n\t<meta property=\"og:image:type\" content=\"image\/jpeg\" \/>\n<meta name=\"twitter:card\" content=\"summary_large_image\" \/>\n<script type=\"application\/ld+json\" class=\"yoast-schema-graph\">{\"@context\":\"https:\/\/schema.org\",\"@graph\":[{\"@type\":\"WebPage\",\"@id\":\"https:\/\/www.autigrevanille.ch\/fr\/blog\/sumba-modernite-et-spiritualite\/\",\"url\":\"https:\/\/www.autigrevanille.ch\/fr\/blog\/sumba-modernite-et-spiritualite\/\",\"name\":\"Sumba : modernit\u00e9 et spiritualit\u00e9 | Au Tigre Vanill\u00e9, sp\u00e9cialiste Indon\u00e9sie\",\"isPartOf\":{\"@id\":\"https:\/\/www.autigrevanille.ch\/fr\/#website\"},\"datePublished\":\"2022-03-11T10:00:19+00:00\",\"dateModified\":\"2022-04-12T13:20:17+00:00\",\"description\":\"\u00c0 moins d'une heure de vol de Bali, Sumba nous d\u00e9voile d\u00e8s l'arriv\u00e9e une atmosph\u00e8re bien \u00e9loign\u00e9e de sa fr\u00e9n\u00e9tique voisine.\",\"breadcrumb\":{\"@id\":\"https:\/\/www.autigrevanille.ch\/fr\/blog\/sumba-modernite-et-spiritualite\/#breadcrumb\"},\"inLanguage\":\"fr-FR\",\"potentialAction\":[{\"@type\":\"ReadAction\",\"target\":[\"https:\/\/www.autigrevanille.ch\/fr\/blog\/sumba-modernite-et-spiritualite\/\"]}]},{\"@type\":\"BreadcrumbList\",\"@id\":\"https:\/\/www.autigrevanille.ch\/fr\/blog\/sumba-modernite-et-spiritualite\/#breadcrumb\",\"itemListElement\":[{\"@type\":\"ListItem\",\"position\":1,\"name\":\"Accueil\",\"item\":\"https:\/\/www.autigrevanille.ch\/fr\/\"},{\"@type\":\"ListItem\",\"position\":2,\"name\":\"Sumba, entre monde moderne et spiritualit\u00e9\"}]},{\"@type\":\"WebSite\",\"@id\":\"https:\/\/www.autigrevanille.ch\/fr\/#website\",\"url\":\"https:\/\/www.autigrevanille.ch\/fr\/\",\"name\":\"Au Tigre Vanill\u00e9, agence de voyages sur mesure\",\"description\":\"Agence de voyages d&#039;exception et sur mesure\",\"publisher\":{\"@id\":\"https:\/\/www.autigrevanille.ch\/fr\/#organization\"},\"potentialAction\":[{\"@type\":\"SearchAction\",\"target\":{\"@type\":\"EntryPoint\",\"urlTemplate\":\"https:\/\/www.autigrevanille.ch\/fr\/?s={search_term_string}\"},\"query-input\":\"required name=search_term_string\"}],\"inLanguage\":\"fr-FR\"},{\"@type\":\"Organization\",\"@id\":\"https:\/\/www.autigrevanille.ch\/fr\/#organization\",\"name\":\"Au Tigre Vanill\u00e9\",\"url\":\"https:\/\/www.autigrevanille.ch\/fr\/\",\"logo\":{\"@type\":\"ImageObject\",\"inLanguage\":\"fr-FR\",\"@id\":\"https:\/\/www.autigrevanille.ch\/fr\/#\/schema\/logo\/image\/\",\"url\":\"https:\/\/www.autigrevanille.ch\/wp-content\/uploads\/2018\/08\/Logo_ATV_300x276.png\",\"contentUrl\":\"https:\/\/www.autigrevanille.ch\/wp-content\/uploads\/2018\/08\/Logo_ATV_300x276.png\",\"width\":300,\"height\":276,\"caption\":\"Au Tigre Vanill\u00e9\"},\"image\":{\"@id\":\"https:\/\/www.autigrevanille.ch\/fr\/#\/schema\/logo\/image\/\"},\"sameAs\":[\"https:\/\/www.facebook.com\/autigrevanille\",\"https:\/\/www.instagram.com\/autigrevanille\",\"https:\/\/www.linkedin.com\/company\/autigrevanille\/\"]}]}<\/script>\n<!-- \/ Yoast SEO plugin. -->","yoast_head_json":{"title":"Sumba : modernit\u00e9 et spiritualit\u00e9 | Au Tigre Vanill\u00e9, sp\u00e9cialiste Indon\u00e9sie","description":"\u00c0 moins d'une heure de vol de Bali, Sumba nous d\u00e9voile d\u00e8s l'arriv\u00e9e une atmosph\u00e8re bien \u00e9loign\u00e9e de sa fr\u00e9n\u00e9tique voisine.","robots":{"index":"index","follow":"follow","max-snippet":"max-snippet:-1","max-image-preview":"max-image-preview:large","max-video-preview":"max-video-preview:-1"},"canonical":"https:\/\/www.autigrevanille.ch\/fr\/blog\/sumba-modernite-et-spiritualite\/","og_locale":"fr_FR","og_type":"article","og_title":"Sumba : modernit\u00e9 et spiritualit\u00e9 | Au Tigre Vanill\u00e9, sp\u00e9cialiste Indon\u00e9sie","og_description":"\u00c0 moins d'une heure de vol de Bali, Sumba nous d\u00e9voile d\u00e8s l'arriv\u00e9e une atmosph\u00e8re bien \u00e9loign\u00e9e de sa fr\u00e9n\u00e9tique voisine.","og_url":"https:\/\/www.autigrevanille.ch\/fr\/blog\/sumba-modernite-et-spiritualite\/","og_site_name":"Au Tigre Vanill\u00e9, agence de voyages sur mesure","article_publisher":"https:\/\/www.facebook.com\/autigrevanille","article_modified_time":"2022-04-12T13:20:17+00:00","og_image":[{"width":1200,"height":821,"url":"https:\/\/www.autigrevanille.ch\/wp-content\/uploads\/2021\/11\/indonesie-sumba-maisons-traditionnelles-1.jpg","type":"image\/jpeg"}],"twitter_card":"summary_large_image","schema":{"@context":"https:\/\/schema.org","@graph":[{"@type":"WebPage","@id":"https:\/\/www.autigrevanille.ch\/fr\/blog\/sumba-modernite-et-spiritualite\/","url":"https:\/\/www.autigrevanille.ch\/fr\/blog\/sumba-modernite-et-spiritualite\/","name":"Sumba : modernit\u00e9 et spiritualit\u00e9 | Au Tigre Vanill\u00e9, sp\u00e9cialiste Indon\u00e9sie","isPartOf":{"@id":"https:\/\/www.autigrevanille.ch\/fr\/#website"},"datePublished":"2022-03-11T10:00:19+00:00","dateModified":"2022-04-12T13:20:17+00:00","description":"\u00c0 moins d'une heure de vol de Bali, Sumba nous d\u00e9voile d\u00e8s l'arriv\u00e9e une atmosph\u00e8re bien \u00e9loign\u00e9e de sa fr\u00e9n\u00e9tique voisine.","breadcrumb":{"@id":"https:\/\/www.autigrevanille.ch\/fr\/blog\/sumba-modernite-et-spiritualite\/#breadcrumb"},"inLanguage":"fr-FR","potentialAction":[{"@type":"ReadAction","target":["https:\/\/www.autigrevanille.ch\/fr\/blog\/sumba-modernite-et-spiritualite\/"]}]},{"@type":"BreadcrumbList","@id":"https:\/\/www.autigrevanille.ch\/fr\/blog\/sumba-modernite-et-spiritualite\/#breadcrumb","itemListElement":[{"@type":"ListItem","position":1,"name":"Accueil","item":"https:\/\/www.autigrevanille.ch\/fr\/"},{"@type":"ListItem","position":2,"name":"Sumba, entre monde moderne et spiritualit\u00e9"}]},{"@type":"WebSite","@id":"https:\/\/www.autigrevanille.ch\/fr\/#website","url":"https:\/\/www.autigrevanille.ch\/fr\/","name":"Au Tigre Vanill\u00e9, agence de voyages sur mesure","description":"Agence de voyages d&#039;exception et sur mesure","publisher":{"@id":"https:\/\/www.autigrevanille.ch\/fr\/#organization"},"potentialAction":[{"@type":"SearchAction","target":{"@type":"EntryPoint","urlTemplate":"https:\/\/www.autigrevanille.ch\/fr\/?s={search_term_string}"},"query-input":"required name=search_term_string"}],"inLanguage":"fr-FR"},{"@type":"Organization","@id":"https:\/\/www.autigrevanille.ch\/fr\/#organization","name":"Au Tigre Vanill\u00e9","url":"https:\/\/www.autigrevanille.ch\/fr\/","logo":{"@type":"ImageObject","inLanguage":"fr-FR","@id":"https:\/\/www.autigrevanille.ch\/fr\/#\/schema\/logo\/image\/","url":"https:\/\/www.autigrevanille.ch\/wp-content\/uploads\/2018\/08\/Logo_ATV_300x276.png","contentUrl":"https:\/\/www.autigrevanille.ch\/wp-content\/uploads\/2018\/08\/Logo_ATV_300x276.png","width":300,"height":276,"caption":"Au Tigre Vanill\u00e9"},"image":{"@id":"https:\/\/www.autigrevanille.ch\/fr\/#\/schema\/logo\/image\/"},"sameAs":["https:\/\/www.facebook.com\/autigrevanille","https:\/\/www.instagram.com\/autigrevanille","https:\/\/www.linkedin.com\/company\/autigrevanille\/"]}]}},"_links":{"self":[{"href":"https:\/\/www.autigrevanille.ch\/fr\/wp-json\/wp\/v2\/blog\/54565"}],"collection":[{"href":"https:\/\/www.autigrevanille.ch\/fr\/wp-json\/wp\/v2\/blog"}],"about":[{"href":"https:\/\/www.autigrevanille.ch\/fr\/wp-json\/wp\/v2\/types\/blog"}],"version-history":[{"count":14,"href":"https:\/\/www.autigrevanille.ch\/fr\/wp-json\/wp\/v2\/blog\/54565\/revisions"}],"predecessor-version":[{"id":55268,"href":"https:\/\/www.autigrevanille.ch\/fr\/wp-json\/wp\/v2\/blog\/54565\/revisions\/55268"}],"wp:featuredmedia":[{"embeddable":true,"href":"https:\/\/www.autigrevanille.ch\/fr\/wp-json\/wp\/v2\/media\/55264"}],"wp:attachment":[{"href":"https:\/\/www.autigrevanille.ch\/fr\/wp-json\/wp\/v2\/media?parent=54565"}],"wp:term":[{"taxonomy":"tag_pays","embeddable":true,"href":"https:\/\/www.autigrevanille.ch\/fr\/wp-json\/wp\/v2\/tag_pays?post=54565"},{"taxonomy":"tag_thematique","embeddable":true,"href":"https:\/\/www.autigrevanille.ch\/fr\/wp-json\/wp\/v2\/tag_thematique?post=54565"},{"taxonomy":"tag_auteur","embeddable":true,"href":"https:\/\/www.autigrevanille.ch\/fr\/wp-json\/wp\/v2\/tag_auteur?post=54565"}],"curies":[{"name":"wp","href":"https:\/\/api.w.org\/{rel}","templated":true}]}}