 {"id":57118,"date":"2022-10-19T14:16:18","date_gmt":"2022-10-19T12:16:18","guid":{"rendered":"https:\/\/www.autigrevanille.ch\/fr\/?post_type=blog&#038;p=57118"},"modified":"2022-10-19T14:16:18","modified_gmt":"2022-10-19T12:16:18","slug":"cenotes-yucatan-mexique","status":"publish","type":"blog","link":"https:\/\/www.autigrevanille.ch\/fr\/blog\/cenotes-yucatan-mexique\/","title":{"rendered":"Les c\u00e9notes du Yucatan"},"content":{"rendered":"<div class=\"wpb-content-wrapper\"><p>[vc_row css=\".vc_custom_1540993069512{margin-top: 0px !important;margin-right: 0px !important;margin-bottom: 0px !important;margin-left: 0px !important;padding-top: 0px !important;padding-right: 0px !important;padding-bottom: 0px !important;padding-left: 0px !important;}\"][vc_column css=\".vc_custom_1540993109373{padding-right: 0px !important;padding-left: 0px !important;}\"][vc_column_text]<div id=\"blog-header\" class=\"header-banniere-blog\">\n  \t<div>\n      <span class=\"titre-principal-blog\">Le blog de voyage <br>du Tigre<\/span>\n  \t<\/div>\n<\/div>\n[\/vc_column_text][vc_column_text]<script type=\"application\/ld+json\">\n{\n  \"@context\" : \"http:\/\/schema.org\",\n  \"@type\" : \"Article\",\n  \"name\" : \"Les c\u00e9notes du Yucatan\",\n  \"headline\" : \"Terre des Mayas depuis des milliers d\u2019ann\u00e9es, le Yucatan est connu pour ses sites arch\u00e9ologiques embl\u00e9matiques dont Chich\u00e9n Itz\u00e1 constitue l\u2019un des repr\u00e9sentants les plus c\u00e9l\u00e8bres. Mais la p\u00e9ninsule compte aussi d\u2019autres secrets, parfois bien gard\u00e9s et moins fr\u00e9quent\u00e9s : des r\u00e9seaux impressionnants de c\u00e9notes, des gouffres remplis d\u2019eau, souvent en pleine jungle, qui font le bonheur des plongeurs et des amateurs de baignade !\",\n  \"author\" : {\n    \"@type\" : \"Person\",\n    \"name\" : \"Diana Ortiz\",\n    \"url\" : \"https:\/\/www.autigrevanille.ch\/fr\/specialiste-voyage\/Diana Ortiz\"\n  },\n  \"datePublished\" : \"19 octobre 2022\",\n  \"articleSection\" : \"Griffe\",\n  \"image\": [\n        \"https:\/\/www.autigrevanille.ch\/wp-content\/uploads\/2022\/04\/cenotes-header-blog-800x534.jpg\"\n      ],\n  \"publisher\": {\n        \"@type\": \"Organization\",\n        \"name\": \"Au Tigre Vanill\u00e9\",\n        \"logo\": {\n          \"@type\": \"ImageObject\",\n          \"url\": \"https:\/\/www.autigrevanille.ch\/wp-content\/uploads\/2018\/08\/logo.png\"\n        }\n}\n}\n<\/script>\n\n<div id=\"article-introduction\">\n    \n    <a class=\"retour-liste-articles\" href=\"https:\/\/www.autigrevanille.ch\/fr\/blog\/\">Retour \u00e0 la liste des articles<\/a><br>\n    <br><br><br>\n    \n      <span class=\"blog-article-tags-pays\">Mexique<\/span> \u00a0\n      \n    <br>\n  \n    \t<span class=\"blog-article-tag-themathique\">Griffe<\/span><br>\n\n      <h1 class=\"blog-titre-article\">Les c\u00e9notes du Yucatan<\/h1>\n      <span class=\"blog-date-article\">19 octobre 2022<\/span> \n    \n    <div class=\"blog-article-auteur\">\n      \t <img decoding=\"async\" class=\"blog-article-auteur-img\" src=\"https:\/\/www.autigrevanille.ch\/wp-content\/uploads\/2019\/07\/diana-ortiz.jpg\">\n      <div class=\"auteur-container\">\n        <a class=\"blog-article-nom-auteur\" href=\"\/fr\/specialiste-voyage\/Diana Ortiz\">Diana Ortiz<\/a><br>\n        \n        Sp\u00e9cialiste du Mexique\n        \n \n      <\/div>\n    <\/div>\n\n    [\/vc_column_text][\/vc_column][\/vc_row][vc_row el_class=\"content-container\"][vc_column][vc_raw_html el_class=\"featured\"]JTVCZmVhdHVyZWQlNUQ=[\/vc_raw_html][vc_column_text el_class=\"blog-text-bloc\"]Terre des Mayas depuis des milliers d\u2019ann\u00e9es, le <a href=\"https:\/\/www.autigrevanille.ch\/fr\/destination\/mexique\/peninsule-du-yucatan\/\">Yucatan<\/a> est connu pour ses sites arch\u00e9ologiques embl\u00e9matiques dont Chich\u00e9n Itz\u00e1 constitue l\u2019un des repr\u00e9sentants les plus c\u00e9l\u00e8bres. Mais la p\u00e9ninsule compte aussi d\u2019autres secrets, parfois bien gard\u00e9s\u00a0et moins fr\u00e9quent\u00e9s : des r\u00e9seaux impressionnants de c\u00e9notes, des gouffres remplis d\u2019eau, souvent en pleine jungle, qui font le bonheur des plongeurs et des amateurs de baignade\u00a0![\/vc_column_text][vc_column_text el_class=\"blog-text-bloc\"]<\/p>\n<h2>Qu\u2019est-ce qu\u2019un c\u00e9note et o\u00f9 peut-on les voir ?<\/h2>\n<p>Un c\u00e9note, c\u2019est une cave naturelle qui s\u2019est form\u00e9e dans le sol \u00e0 la suite d\u2019un effondrement. Ceux-ci sont, pour la plupart, remplis d\u2019eau et servaient de r\u00e9servoir aux anciens Mayas. En apparence, ces cavit\u00e9s peuvent prendre des formes tr\u00e8s diverses\u00a0: alors que certaines d\u2019entre elles ressemblent \u00e0 des piscines ouvertes visibles de l\u2019ext\u00e9rieur, d\u2019autres sont plus cach\u00e9es et difficiles d\u2019acc\u00e8s puisqu\u2019elles se trouvent sous le sol. Elles sont parfois constitu\u00e9s d\u2019une seule chambre, d\u2019autres sont de v\u00e9ritables r\u00e9seaux dans lesquels l\u2019eau peut circuler sur des kilom\u00e8tres.[\/vc_column_text][vc_single_image image=\"57129\" img_size=\"medium\"][vc_column_text el_class=\"blog-text-bloc\"]Si ces c\u00e9notes valent le d\u00e9tour, c\u2019est aussi parce qu\u2019ils sont devenus des lieux de d\u00e9lassement dans lesquels on peut ais\u00e9ment se baigner et parce qu\u2019ils pr\u00e9sentent une architecture subaquatique propice \u00e0 la plong\u00e9e. Certains de ceux propos\u00e9s ici sont am\u00e9nag\u00e9s, et comprennent des installations pratiques telles que douches, restaurants et location de gilets de survie.<\/p>\n<p>Activit\u00e9s id\u00e9ales pour les familles, voici cinq c\u00e9notes \u00e0 d\u00e9couvrir au Mexique\u00a0![\/vc_column_text][vc_column_text el_class=\"blog-text-bloc\"]<\/p>\n<h2>5 c\u00e9notes \u00e0 d\u00e9couvrir au Mexique<\/h2>\n<h3><strong>1. Cenote Hacienda Mucuyche<\/strong><\/h3>\n<p>Coll\u00e9 \u00e0 une hacienda en ruine datant du XVIIIe si\u00e8cle, le c\u00e9note Hacienda Mucuyche est un v\u00e9ritable petit complexe. On y trouvera d\u2019abord deux c\u00e9notes, \u00ab\u00a0Carlota\u00a0\u00bb et \u00ab\u00a0Azul Maya\u00a0\u00bb, des cavit\u00e9s spectaculaires \u00e9clair\u00e9es de sorte \u00e0 donner un aspect f\u00e9erique, ainsi qu\u2019un canal \u00e0 ciel ouvert qui longe une magnifique paroi v\u00e9g\u00e9tale. \u00c0 l\u2019entr\u00e9e, un gilet de survie (obligatoire) vous sera fourni et vous pourrez \u00e9galement b\u00e9n\u00e9ficier de tours guid\u00e9s des lieux.[\/vc_column_text][vc_gallery interval=\"3\" images=\"57120,57121,57122\" img_size=\"medium\"][vc_column_text]Photos : <a href=\"https:\/\/www.cenoteshaciendamucuyche.com\/en\" target=\"_blank\" rel=\"noopener\">cenoteshaciendamucuyche.com<\/a>[\/vc_column_text][vc_column_text el_class=\"blog-text-bloc\"]<\/p>\n<h3><strong>2. Cenotes Santa Barbara<\/strong><\/h3>\n<p>Le c\u00e9note de Santa Barbara a \u00e9t\u00e9 particuli\u00e8rement bien am\u00e9nag\u00e9. On y acc\u00e8de via une cage d\u2019escaliers en bois qui s\u2019engouffre dans les profondeurs. \u00c0 l\u2019int\u00e9rieur\u00a0? Une cave aux plafonds truff\u00e9s de stalactites remplies d\u2019une eau des plus turquoise et de belles racines qui tombent du ciel\u00a0! Les lieux sont \u00e9galement accessibles en prenant un petit train de mine tir\u00e9 par un cheval\u2026<\/p>\n<p><a href=\"https:\/\/cenotessantabarbara.com\/\" target=\"_blank\" rel=\"noopener\">https:\/\/cenotessantabarbara.com\/<\/a>[\/vc_column_text][\/vc_column][\/vc_row][vc_row el_class=\"content-container\"][vc_column][vc_column_text el_class=\"blog-text-bloc\"]<\/p>\n<h3><strong>3. C<\/strong><strong>enote Zacil Tunich<\/strong><\/h3>\n<p>\u00c0 seulement 25km de Valladolid, la principale ville de la r\u00e9gion, le c\u00e9note Zacil Tunich est certainement l\u2019un des plus spectaculaires compte tenu de ses milliers de stalactites accroch\u00e9s au plafond d\u2019une immense caverne. Les propri\u00e9taires rendent hommage aux Mayas, il est en effet possible de s\u2019adonner \u00e0 quelques rituels anciens accompagn\u00e9s d\u2019un guide dans cet espace mystique\u2026[\/vc_column_text][vc_gallery interval=\"3\" images=\"57125,57124\" img_size=\"medium\"][vc_column_text]Photos : <a href=\"https:\/\/zaziltunich.com\/en\/\" target=\"_blank\" rel=\"noopener\">zaziltunich.com\/en\/<\/a>[\/vc_column_text][vc_column_text el_class=\"blog-text-bloc\"]<\/p>\n<h3><strong>4. Cenote Kankirixche<\/strong><\/h3>\n<p>En pleine jungle, un peu plus difficile d\u2019acc\u00e8s que ceux pr\u00e9c\u00e9demment cit\u00e9s, le c\u00e9note Kankirixche est une exp\u00e9rience sauvage. Une caverne de 90m de diam\u00e8tre remplie d\u2019une eau bleue et fraiche. 15 m\u00e8tres d\u2019escaliers pour s\u2019y rendre, et vous serez surpris par les longues racines des banians qui viennent y chercher \u00e0 boire\u00a0!<\/p>\n<h3><strong>5. Cenote Sac Actun<\/strong><\/h3>\n<p>Au sud de Canc\u00fan, proche de la mer, le c\u00e9note Sac Actun a par endroits le plafond particuli\u00e8rement bas\u2026 claustrophobes, s\u2019abstenir ! Plut\u00f4t qu\u2019une baignade, on vous proposera ici de faire du snorkeling, voire de la plong\u00e9e. Une v\u00e9ritable exp\u00e9rience, quelque peu sinistre, mais intense, dans les entrailles de la Terre ![\/vc_column_text][vc_gallery interval=\"3\" images=\"57128,57127,57126\" img_size=\"medium\"][vc_column_text]Photos : <a href=\"https:\/\/www.cenotessacactun.com\/\" target=\"_blank\" rel=\"noopener\">cenotessactun.com<\/a>[\/vc_column_text][\/vc_column][\/vc_row][vc_row el_class=\"blog-cta-contact\" css=\".vc_custom_1648721064696{margin-top: 60px !important;margin-bottom: 40px !important;background-color: #f5f0e6 !important;}\"][vc_column width=\"1\/2\" el_class=\"blog-cta-contact-col1\"][vc_single_image image=\"15339\" img_size=\"medium\"][\/vc_column][vc_column width=\"1\/2\" el_class=\"blog-cta-contact-col2\"][vc_column_text css=\".vc_custom_1666175212107{margin-bottom: 20px !important;}\"]<\/p>\n<h2>ON VOUS A DONN\u00c9 ENVIE DE PARTIR AU MEXIQUE ?<\/h2>\n<p>[\/vc_column_text][vc_column_text css=\".vc_custom_1649679449838{margin-top: 20px !important;}\"]Nous aimons prendre le temps n\u00e9cessaire pour mieux cerner les envies de nos voyageurs afin d'offrir une exp\u00e9rience qui corresponde le plus possible \u00e0 leurs attentes.[\/vc_column_text][vc_btn title=\"CONTACTEZ NOS SP\u00c9CIALISTES\" style=\"outline-custom\" outline_custom_color=\"#000000\" outline_custom_hover_background=\"#000000\" outline_custom_hover_text=\"#ffffff\" shape=\"square\" align=\"left\" link=\"url:https%3A%2F%2Fwww.autigrevanille.ch%2Ffr%2Fprise-de-rdv%2F|title:Contactez%20nos%20sp%C3%A9cialistes\" el_class=\"button_voir_nos_etapes\"][\/vc_column][\/vc_row][vc_row el_class=\"content-container\"][vc_column][vc_raw_html]JTVCd3B2LXZpZXclMjBuYW1lJTNEJTIyYmxvZy1yZWxhdGVkLWFydGljbGVzJTIyJTVE[\/vc_raw_html][vc_column_text]<div class=\"bloc-newsletter-container\">\n    <div class=\"social-media\">\n        <h3>Partager l'article<\/h3>\n      <div>  \n        <a href=\"https:\/\/www.facebook.com\/sharer\/sharer.php?u=https:\/\/www.autigrevanille.ch\/fr\/blog\/cenotes-yucatan-mexique\/\"><img decoding=\"async\" style=\"width:50px;\" src=\"https:\/\/www.autigrevanille.ch\/wp-content\/uploads\/2021\/04\/facebook.png\"><\/a>\n        <a href=\"https:\/\/twitter.com\/intent\/tweet?text=https:\/\/www.autigrevanille.ch\/fr\/blog\/cenotes-yucatan-mexique\/\"><img decoding=\"async\" style=\"width:50px;\" src=\"https:\/\/www.autigrevanille.ch\/wp-content\/uploads\/2021\/04\/twitter.png\"><\/a>\n        <a href=\"https:\/\/www.linkedin.com\/shareArticle?mini=true&url=https:\/\/www.autigrevanille.ch\/fr\/blog\/cenotes-yucatan-mexique\/\"><img decoding=\"async\" style=\"width:50px;\" src=\"https:\/\/www.autigrevanille.ch\/wp-content\/uploads\/2021\/04\/linkedin.png\"><\/a>\n                <a href=\"mailto:?subject=Les c\u00e9notes du Yucatan&amp;body=Tu avais d\u00e9j\u00e0 lu cet article du Blog de l'agence de cr\u00e9ation de voyage Au Tigre Vanill\u00e9 ? (https:\/\/www.autigrevanille.ch\/fr\/blog\/cenotes-yucatan-mexique\/)\"\n   title=\"Share by Email\"><img decoding=\"async\" style=\"width:50px;\" src=\"https:\/\/www.autigrevanille.ch\/wp-content\/uploads\/2021\/11\/bouton-email-blog.jpg\"><\/a>\n      <\/div>\n    <\/div>\n    <div class=\"newsletter\">\n        <h3>Abonnez-vous \u00e0 notre newsletter<\/h3>\n        <div>\n            <form class=\"js-cm-form\" id=\"subForm\" action=\"https:\/\/www.createsend.com\/t\/subscribeerror?description=\" method=\"post\" data-id=\"A61C50BEC994754B1D79C5819EC1255CA083EDFB87A5E3A05DE37441CC77A8DFD2601A7411A3EDBD911334F9FAFDF85709FF16C131DE573FE525CD1BBFFBFD99\">\n            <input autocomplete=\"Email\" aria-label=\"Email\" class=\"js-cm-email-input qa-input-email\" id=\"fieldEmail\" maxlength=\"200\" name=\"cm-jtkymr-jtkymr\" placeholder=\"Votre e-mail\" required=\"\" type=\"email\"><\/div> <button class=\"blog-bouton-newsletter\" type=\"submit\">S'inscrire<\/button><\/form><\/div><script type=\"text\/javascript\" src=\"https:\/\/js.createsend1.com\/javascript\/copypastesubscribeformlogic.js\"><\/script>\n  \t   <\/div>\n    <\/div>\n<\/div>[\/vc_column_text][\/vc_column][\/vc_row][vc_row css=\".vc_custom_1543506218851{margin-top: 0px !important;margin-right: 0px !important;margin-bottom: 0px !important;margin-left: 0px !important;border-bottom-width: 0px !important;padding-top: 0px !important;padding-right: 0px !important;padding-bottom: 0px !important;padding-left: 0px !important;}\"][vc_column css=\".vc_custom_1543506208724{margin-top: 0px !important;margin-right: 0px !important;margin-bottom: 0px !important;padding-top: 0px !important;padding-right: 0px !important;padding-bottom: 0px !important;padding-left: 0px !important;}\"][vc_column_text css=\".vc_custom_1543506527672{margin-top: 0px !important;margin-bottom: 0px !important;border-bottom-width: 0px !important;padding-top: 0px !important;}\"]<div class=\"wpb-content-wrapper\">\n<div class=\"tb-fields-and-text\" data-toolset-blocks-fields-and-text=\"3e1d2592ce20bdf2bf813c9dfa44c991\">\n    <div class=\"wpb_text_column wpb_content_element vc_custom_1543505395542\">\n        <div class=\"wpb_wrapper\">\n            <div id=\"footer-bloc\" class=\"vc_row wpb_row vc_row-fluid vc_custom_1615999363964\">\n                <div class=\"wpb_column vc_column_container vc_column_container_footer vc_col-sm-12\">\n                    <div class=\"vc_column-inner vc_custom_1534760528264\">\n                        <div class=\"wpb_wrapper\">\n                            <div class=\"vc_row wpb_row vc_inner vc_row-fluid vc_custom_1549890561333 vc_row-has-fill\">\n                                <div class=\"wpb_column vc_column_container vc_col-sm-12\">\n                                    <div class=\"vc_column-inner vc_custom_1537963523850\">\n                                        <div class=\"wpb_wrapper\">\n                                            <div\n                                                class=\"vc_separator wpb_content_element vc_separator_align_center vc_sep_width_100 vc_sep_double vc_sep_pos_align_center titreSeparateur vc_separator-has-text\">\n                                                <span class=\"vc_sep_holder vc_sep_holder_l\" style=\"display: flex;\"><span\n                                                        style=\"border-color:#aa956d;\"\n                                                        class=\"vc_sep_line\">\u00a0<\/span>\u00a0<\/span>\n                                                <h2 style=\"display: flex;\">POURQUOI FAIRE CONFIANCE<br \/>AU TIGRE\n                                                    VANILL\u00c9<\/h2>\n                                                <p style=\"display: contents;\"><span\n                                                        class=\"vc_sep_holder vc_sep_holder_l\" style=\"display: flex;\">\n                                                        <span style=\"border-color:#aa956d;\" class=\"vc_sep_line\">\n                                                        <\/span>\n                                                    <\/span>\n                                                <\/p>\n                                            <\/div>\n                                            <div class=\"vc_empty_space hidden-sm hidden-xs\" style=\"height: 52px;\"><\/div>\n                                        <\/div>\n                                    <\/div>\n                                <\/div>\n                            <\/div>\n                            <div class=\"vc_row wpb_row vc_inner vc_row-fluid vc_custom_1549890597043 vc_row-has-fill\">\n                                <div class=\"col-sm-3 col-xs-6 wpb_column vc_column_container vc_col-sm-3\">\n                                    <div class=\"vc_column-inner\">\n                                        <div class=\"wpb_wrapper\">\n                                            <div class=\"wpb_single_image wpb_content_element vc_align_center small\">\n                                                <figure class=\"wpb_wrapper vc_figure\">\n                                                    <div class=\"vc_single_image-wrapper vc_box_border_grey\"><img decoding=\"async\" loading=\"lazy\"\n                                                            class=\"vc_single_image-img attachment-full lazy loaded\"\n                                                            src=\"https:\/\/www.autigrevanille.ch\/wp-content\/uploads\/2022\/12\/Picto-Nos-Experts-Voyages.jpg\"\n                                                            alt=\"Pictogramme de loupe\" width=\"300\" height=\"200\"\n                                                            data-src=\"https:\/\/www.autigrevanille.ch\/wp-content\/uploads\/2022\/12\/Picto-Nos-Experts-Voyages.jpg\" \/>\n                                                    <\/div>\n                                                <\/figure>\n                                            <\/div>\n                                            <div class=\"wpb_text_column wpb_content_element PaysConfiance\">\n                                                <div class=\"wpb_wrapper\">\n                                                    <p style=\"text-align: center;\">Nous sommes<strong><br \/>\n                                                        <\/strong>des experts<br \/>\n                                                        de <a\n                                                            href=\"https:\/\/www.autigrevanille.ch\/fr\/destinations\/menu-sur-mesure\/\"><strong>nos\n                                                                destinations.<\/strong><\/a><\/p>\n                                                <\/div>\n                                            <\/div>\n                                        <\/div>\n                                    <\/div>\n                                <\/div>\n                                <div class=\"col-sm-3 col-xs-6 wpb_column vc_column_container vc_col-sm-3\">\n                                    <div class=\"vc_column-inner\">\n                                        <div class=\"wpb_wrapper\">\n                                            <div class=\"wpb_single_image wpb_content_element vc_align_center small\">\n                                                <figure class=\"wpb_wrapper vc_figure\">\n                                                    <div class=\"vc_single_image-wrapper vc_box_border_grey\"><img decoding=\"async\" loading=\"lazy\"\n                                                            class=\"vc_single_image-img attachment-full lazy loaded\"\n                                                            src=\"https:\/\/www.autigrevanille.ch\/wp-content\/uploads\/2022\/04\/picto-vrai-sur-mesure.png\"\n                                                            alt=\"\" width=\"300\" height=\"200\"\n                                                            data-src=\"https:\/\/www.autigrevanille.ch\/wp-content\/uploads\/2022\/04\/picto-vrai-sur-mesure.png\" \/>\n                                                    <\/div>\n                                                <\/figure>\n                                            <\/div>\n                                            <div class=\"wpb_text_column wpb_content_element PaysConfiance\">\n                                                <div class=\"wpb_wrapper\">\n                                                    <p style=\"text-align: center;\"><a\n                                                            href=\"https:\/\/www.autigrevanille.ch\/fr\/a-propos\/agence-de-creation-de-voyages\/\"><strong>Du\n                                                                vrai sur mesure !<\/strong><\/a><br \/>\n                                                        Nous personnalisons<br \/>\n                                                        (vraiment) vos voyages.<\/p>\n                                                <\/div>\n                                            <\/div>\n                                        <\/div>\n                                    <\/div>\n                                <\/div>\n                                <div class=\"col-sm-3 col-xs-6 wpb_column vc_column_container vc_col-sm-3\">\n                                    <div class=\"vc_column-inner\">\n                                        <div class=\"wpb_wrapper\">\n                                            <div class=\"wpb_single_image wpb_content_element vc_align_center small\">\n                                                <figure class=\"wpb_wrapper vc_figure\">\n                                                    <div class=\"vc_single_image-wrapper vc_box_border_grey\"><img decoding=\"async\" loading=\"lazy\"\n                                                            class=\"vc_single_image-img attachment-full lazy loaded\"\n                                                            src=\"https:\/\/www.autigrevanille.ch\/wp-content\/uploads\/2022\/04\/picto-nos-specialistes.png\"\n                                                            alt=\"\" width=\"300\" height=\"200\"\n                                                            data-src=\"https:\/\/www.autigrevanille.ch\/wp-content\/uploads\/2022\/04\/picto-nos-specialistes.png\" \/>\n                                                    <\/div>\n                                                <\/figure>\n                                            <\/div>\n                                            <div class=\"wpb_text_column wpb_content_element PaysConfiance\">\n                                                <div class=\"wpb_wrapper\">\n                                                    <p style=\"text-align: center;\"><a\n                                                            href=\"https:\/\/www.autigrevanille.ch\/fr\/a-propos\/notre-equipe\/\"><strong>Un\n                                                                de nos sp\u00e9cialistes<\/strong><\/a><br \/>\n                                                        vous est d\u00e9di\u00e9 pour<br \/>\n                                                        toute la pr\u00e9paration.<\/p>\n                                                <\/div>\n                                            <\/div>\n                                        <\/div>\n                                    <\/div>\n                                <\/div>\n                                <div class=\"col-sm-3 col-xs-6 wpb_column vc_column_container vc_col-sm-3\">\n                                    <div class=\"vc_column-inner\">\n                                        <div class=\"wpb_wrapper\">\n                                            <div class=\"wpb_single_image wpb_content_element vc_align_center small\">\n                                                <figure class=\"wpb_wrapper vc_figure\">\n                                                    <div class=\"vc_single_image-wrapper vc_box_border_grey\"><img decoding=\"async\" loading=\"lazy\"\n                                                            class=\"vc_single_image-img attachment-full lazy loaded\"\n                                                            src=\"https:\/\/www.autigrevanille.ch\/wp-content\/uploads\/2022\/04\/picto-services-agence.png\"\n                                                            alt=\"\" width=\"300\" height=\"200\"\n                                                            data-src=\"https:\/\/www.autigrevanille.ch\/wp-content\/uploads\/2022\/04\/picto-services-agence.png\" \/>\n                                                    <\/div>\n                                                <\/figure>\n                                            <\/div>\n                                            <div class=\"wpb_text_column wpb_content_element PaysConfiance\">\n                                                <div class=\"wpb_wrapper\">\n                                                    <p style=\"text-align: center;\"><strong><a\n                                                                href=\"https:\/\/www.autigrevanille.ch\/fr\/a-propos\/des-services-personnalises\/\">Nous\n                                                                g\u00e9rons tout<\/a>.<\/strong><br \/>\n                                                        Dans les moindres<br \/>\n                                                        d\u00e9tails.<\/p>\n                                                <\/div>\n                                            <\/div>\n                                        <\/div>\n                                    <\/div>\n                                <\/div>\n                            <\/div>\n                            <div class=\"vc_row wpb_row vc_inner vc_row-fluid vc_custom_1549890605237 vc_row-has-fill\">\n                                <div class=\"wpb_column vc_column_container vc_col-sm-12\">\n                                    <div class=\"vc_column-inner vc_custom_1537887407590\">\n                                        <div class=\"wpb_wrapper\">\n                                            <div class=\"vc_empty_space hidden-sm\" style=\"height: 32px;\"><\/div>\n                                        <\/div>\n                                    <\/div>\n                                <\/div>\n                            <\/div>\n                        <\/div>\n                    <\/div>\n                <\/div>\n            <\/div>\n            <div id=\"footer-global\" class=\"vc_row wpb_row vc_row-fluid vc_custom_1633696329940 vc_row-has-fill\">                \n                <div class=\"wpb_column vc_column_container vc_col-sm-3\">\n                    <div class=\"vc_column-inner\">\n                        <div class=\"wpb_wrapper\">\n                            <div class=\"wpb_text_column wpb_content_element footer\">\n                                <div class=\"wpb_wrapper\">\n                                    <p><strong>QUI SOMMES-NOUS ?<\/strong><\/p>\n                                    <p> <a href=\"https:\/\/www.autigrevanille.ch\/fr\/a-propos\/agence-de-creation-de-voyages\/\">Notre approche<\/a><br \/>\n                                        <a href=\"https:\/\/www.autigrevanille.ch\/fr\/a-propos\/des-services-personnalises\/\">Nos services<\/a><br \/>\n                                        <a href=\"https:\/\/www.autigrevanille.ch\/fr\/a-propos\/notre-equipe\/\">Notre \u00e9quipe<\/a><br \/>\n                                        <a title=\"D\u00e9couvrez toutes nos offres d'emploi\" href=\"https:\/\/www.autigrevanille.ch\/fr\/rejoignez-nous\/\">Rejoignez-nous !<\/a><br><br>\n                                    <\/p>\n                                <\/div>\n                            <\/div>\n                        <\/div>\n                    <\/div>\n                <\/div>\n                <div class=\"wpb_column vc_column_container vc_col-sm-3\">\n                    <div class=\"vc_column-inner\">\n                        <div class=\"wpb_wrapper\">\n                            <div class=\"wpb_text_column wpb_content_element footer\">\n                                <div class=\"wpb_wrapper\">\n                                    <p><strong>LISTES DE MARIAGE<\/strong><\/p>\n                                    <a href=\"https:\/\/www.autigrevanille.ch\/fr\/voyages-de-noces\/\" target=\"_blank\" rel=\"noopener noreferrer\">Voyages de noces<\/a><br \/>\n                                    <a href=\"https:\/\/www.vanillatiger.ch\/fr\/mariages\" target=\"_blank\" rel=\"noopener noreferrer\">Pour les invit\u00e9s<\/a><br \/>\n                                    <a href=\"https:\/\/www.vanillatiger.ch\/clients\/\" target=\"_blank\" rel=\"noopener noreferrer\">Pour les mari\u00e9s<\/a>\n                                <\/div>\n                            <\/div>\n                        <\/div>\n                    <\/div>\n                <\/div>\n                <div class=\"wpb_column vc_column_container vc_col-sm-3\">\n                    <div class=\"vc_column-inner\">\n                        <div class=\"wpb_wrapper\">\n                            <div class=\"wpb_text_column wpb_content_element footer\">\n                                <div class=\"wpb_wrapper\">\n                                    <p><strong>ACCES RAPIDE<\/strong><\/p>\n                                    <p><a class=\"popup_navigation-sur-mesure\" href=\"#\" target=\"_blank\" rel=\"noopener noreferrer\">Nos destinations<\/a><br \/>\n                                        <a href=\"https:\/\/www.autigrevanille.ch\/fr\/voyages-en-petit-groupe\/\" target=\"_blank\" rel=\"noopener noreferrer\">En petit groupe<\/a><br \/>\n                                        <a class=\"popup_selon_vos_envie\" href=\"#\" target=\"_blank\" rel=\"noopener noreferrer\">Selon vos envies<\/a><br \/>\n                                        <a href=\"https:\/\/www.autigrevanille.ch\/fr\/blog\/\" target=\"_blank\" rel=\"noopener noreferrer\">Le blog du Tigre<\/a><br \/>\n                                        <a href=\"https:\/\/www.autigrevanille.ch\/fr\/prise-de-rdv\/?ins_portable=%2B41\" target=\"_blank\" rel=\"noopener noreferrer\">Contact<\/a>\n                                    <\/p>\n                                <\/div>\n                            <\/div>\n                        <\/div>\n                    <\/div>\n                <\/div>\n                <div class=\"wpb_column vc_column_container vc_col-sm-3\">\n                    <div class=\"vc_column-inner\">\n                        <div class=\"wpb_wrapper\">\n                            <a href=\"https:\/\/www.serandipians.com\" rel=\"Site web de Serandipians by Traveller Made noopener\" target=\"_blank\"><img decoding=\"async\" loading=\"lazy\"\n                                    src=\"https:\/\/www.autigrevanille.ch\/wp-content\/uploads\/2022\/02\/Serandipians-by-Traveller-Made_white-800x346.png\"\n                                    alt=\"Logo Serandipians-by-Traveller-Made\" width=\"200\" height=\"86\"\n                                    class=\"size-small\" \/><\/a>\n                        <\/div>\n                    <\/div>\n                <\/div>\n                \n                <div class=\"wpb_column vc_column_container vc_column_container_footer vc_col-sm-12\">\n                    <div class=\"vc_column-inner vc_custom_1534760528264 mainBlockPartenaire\">\n                        <div class=\"wpb_wrapper\">\n                            <div class=\"vc_row wpb_row vc_inner vc_row-fluid vc_custom_1549890561333 vc_row-has-fill\">\n                                <div class=\"wpb_column vc_column_container vc_col-sm-12\">\n                                    <div class=\"vc_column-inner vc_custom_1537963523850 blockPartenaire\">\n                                        <div class=\"wpb_wrapper\">\n                                            <div\n                                                class=\"vc_separator wpb_content_element vc_separator_align_center vc_sep_width_100 vc_sep_double vc_sep_pos_align_center titreSeparateur vc_separator-has-text\">\n                                                \n                                                <h3 class=\"subTitleFooter\" style=\"display: flex;\">Abonnez-vous \u00e0 notre newsletter<\/h3>\n                                               \n                                            <\/div>\n                                            <div class=\"vc_empty_space hidden-sm hidden-xs\" style=\"height: 52px;\"><\/div>\n                                        <\/div>\n                                    <\/div>\n                                <\/div>\n                            <\/div>\n                            <div class=\"vc_row wpb_row vc_inner vc_row-fluid vc_custom_1549890597043 vc_row-has-fill\">\n                                <div class=\"wpb_column vc_column_container vc_col-sm-12\">\n                                    <div class=\"vc_column-inner newsletter\">\n                                        <div class=\"wpb_wrapper\">\n                                            <div>\n                                                <form class=\"js-cm-form\" id=\"subForm\"\n                                                    action=\"https:\/\/www.createsend.com\/t\/subscribeerror?description=\"\n                                                    method=\"post\"\n                                                    data-id=\"A61C50BEC994754B1D79C5819EC1255CA083EDFB87A5E3A05DE37441CC77A8DFD2601A7411A3EDBD911334F9FAFDF85709FF16C131DE573FE525CD1BBFFBFD99\">\n                                                    <div>\n                                                        <div>\n                                                            <p>\n                                                                <input autocomplete=\"Email\" aria-label=\"Email\"\n                                                                    class=\"js-cm-email-input qa-input-email newsletter\" id=\"fieldEmail\"\n                                                                    maxlength=\"200\" name=\"cm-jtkymr-jtkymr\" placeholder=\"Email*\"\n                                                                    required=\"\" type=\"email\">\n                                                                <button class=\"button_newsletter newsletter\" type=\"submit\">Inscription<\/button>\n                                                            <\/p>\n                                                        <\/div>\n                                                    <\/div>\n                                                <\/form>\n                                            <\/div>\n                                            <p>\n                                                <script type=\"text\/javascript\"\n                                                    src=\"https:\/\/js.createsend1.com\/javascript\/copypastesubscribeformlogic.js\"><\/script><\/p>\n                                        <\/div>\n                                    <\/div>\n                                <\/div>\n                            <\/div>\n                        <\/div>\n                    <\/div>\n                <\/div>\n            <\/div>\n            <div id=\"partenaires\" class=\"wpb_column vc_column_container vc_column_container_footer vc_col-sm-12\">\n                <div class=\"vc_column-inner vc_custom_1534760528264 mainBlockPartenaire\">\n                    <div class=\"wpb_wrapper\">\n                        <div class=\"vc_row wpb_row vc_inner vc_row-fluid vc_custom_1549890561333 vc_row-has-fill\">\n                            <div class=\"wpb_column vc_column_container vc_col-sm-12\">\n                                <div class=\"vc_column-inner vc_custom_1537963523850 blockPartenaire\">\n                                    <div class=\"wpb_wrapper\">\n                                        <div\n                                            class=\"vc_separator wpb_content_element vc_separator_align_center vc_sep_width_100 vc_sep_double vc_sep_pos_align_center titreSeparateur vc_separator-has-text\">\n                                           \n                                            <h3 class=\"subTitleFooter\" style=\"display: flex;\">Nos autres activit\u00e9s<\/h3>\n                                           \n                                        <\/div>\n                                        <div class=\"vc_empty_space hidden-sm hidden-xs\" style=\"height: 52px;\"><\/div>\n                                    <\/div>\n                                <\/div>\n                            <\/div>\n                        <\/div>\n                    <\/div>\n                <\/div>\n                \n                <div class=\"wpb_column vc_column_container vc_col-sm-4\">\n                    <div class=\"vc_column-inner\">\n                        <div class=\"wpb_wrapper\">\n                            <a href=\"https:\/\/lesmondespolaires.ch\/\" rel=\"Les mondes polaires - Exp\u00e9ditions et circuit en Arctique Antartique noopener\" target=\"_blank\">\n                                <img decoding=\"async\" loading=\"lazy\"\n                                    src=\"https:\/\/www.autigrevanille.ch\/wp-content\/uploads\/2023\/07\/Les-mondes-polaires-2.png\"\n                                    alt=\"Logo Les Mondes Polaires\" width=\"175\" height=\"120\"\n                                    class=\"size-small\" \/>\n                                    <p>Exp\u00e9ditions et circuits en <br>Arctique et Antarctique<\/p>\n                            <\/a>\n                        <\/div>\n                    <\/div>\n                <\/div>\n                <!-- <div class=\"wpb_column vc_column_container vc_col-sm-4\">\n                    <div class=\"vc_column-inner\">\n                        <div class=\"wpb_wrapper\">\n                            <a href=\"https:\/\/www.tirawa.com\/\" rel=\"Tirawa - Voyage randonn\u00e9e en petit groupe noopener\" target=\"_blank\">\n                                <img decoding=\"async\" loading=\"lazy\"\n                                    src=\"https:\/\/www.autigrevanille.ch\/wp-content\/uploads\/2023\/07\/Tirawa-2.png\"\n                                    alt=\"Logo Tirawa\" width=\"175\" height=\"120\"\n                                    class=\"size-small\" \/>\n                                    <p>Voyages randonn\u00e9e en <br>petit groupe<\/p>\n                            <\/a>\n                        <\/div>\n                    <\/div>\n                <\/div> -->\n                <div class=\"wpb_column vc_column_container vc_col-sm-4\">\n                    <div class=\"vc_column-inner\">\n                        <div class=\"wpb_wrapper\">\n                            <a href=\"https:\/\/www.photographe-voyageur.com\/\" rel=\"Concours du Phototgraphe Voyageur noopener\" target=\"_blank\">\n                                <img decoding=\"async\" loading=\"lazy\"\n                                    src=\"https:\/\/www.autigrevanille.ch\/wp-content\/uploads\/2023\/07\/Concours-photographe-voyageur-2.png\"\n                                    alt=\"Logo Phototgraphe Voyageur\" width=\"175\" height=\"120\"\n                                    class=\"size-small\" \/>\n                                    <p>Concours du <br>Phototgraphe Voyageur<\/p>\n                            <\/a>\n                        <\/div>\n                    <\/div>\n                <\/div>\n                <div class=\"wpb_column vc_column_container vc_col-sm-4\">\n                    <div class=\"vc_column-inner\">\n                        <div class=\"wpb_wrapper\">\n                            <a href=\"https:\/\/www.watchandcow.com\/\" rel=\"Watch and Cow - Circuit de luxe sur mesure en Suisse noopener\" target=\"_blank\">\n                                <img decoding=\"async\" loading=\"lazy\"\n                                    src=\"https:\/\/www.autigrevanille.ch\/wp-content\/uploads\/2023\/07\/Watch-and-cow-2.png\"\n                                    alt=\"Logo Watch and Cow\" width=\"175\" height=\"120\"\n                                    class=\"size-small\" \/>\n                                    <p>Circuits de luxe sur mesure<br> en Suisse<\/p>\n                            <\/a>\n                        <\/div>\n                    <\/div>\n                <\/div>\n                <div class=\"wpb_column vc_column_container vc_col-sm-12 mentions\">\n                    <div class=\"vc_column-inner vc_custom_1606125359772\">\n                        <div class=\"wpb_wrapper\">\n                            <div class=\"wpb_text_column wpb_content_element footer\">\n                                <div class=\"wpb_wrapper\">\n                                    <p style=\"text-align: center;\">\u00a9 Au Tigre Vanill\u00e9 S\u00e0rl - <a\n                                            href=\"https:\/\/www.autigrevanille.ch\/informations-legales\/#mentions-legales\">Mentions\n                                            l\u00e9gales<\/a> | <a\n                                            href=\"https:\/\/www.autigrevanille.ch\/informations-legales\/#conditions-generales\">Conditions\n                                            G\u00e9n\u00e9rales<\/a> | <a\n                                            href=\"https:\/\/www.autigrevanille.ch\/informations-legales\/#protection-des-donnees\">Politique\n                                            de confidentialit\u00e9<\/a><\/p>\n                                <\/div>\n                            <\/div>\n                        <\/div>\n                    <\/div>\n                <\/div>\n            <\/div>\n        <\/div>\n            <style type=\"text\/css\" data-type=\"rcb-_wpb_shortcodes_custom_css-1867\">\n                .vc_custom_1543505406831>.vc_column-inner {\n                    padding-left: 0px !important;\n                    padding-right: 0px !important;\n                }\n                .vc_custom_1615999363964 {\n                    margin-top: 0px !important;\n                    margin-right: 0px !important;\n                    margin-bottom: 0px !important;\n                    margin-left: 0px !important;\n                    padding-top: 0px !important;\n                    padding-bottom: 0px !important;\n                }\n                .vc_custom_1633696329940 {\n                    padding-right: 10% !important;\n                    padding-left: 10% !important;\n                    background-color: #807b6c !important;\n                }\n                .vc_custom_1606125322289 {\n                    margin-top: 0px !important;\n                    margin-right: 0px !important;\n                    margin-bottom: 0px !important;\n                    margin-left: 0px !important;\n                    background-color: #807b6c !important;\n                }\n                .vc_custom_1534760528264 {\n                    padding-top: 0px !important;\n                    padding-right: 0px !important;\n                    padding-left: 0px !important;\n                }\n                div#footer-bloc {\n                    background-color: #f5f1e7 !important;\n                }\n                div#footer-bloc.partenaires {\n                    background: #FFFFFF !important;\n                }\n                div#footer-bloc.partenaires .PaysConfiance {\n                    margin-top: 20px;\n                }\n                .vc_separator.vc_separator_align_center h2 {\n                    padding: 0 0.8em;\n                    font-size: 3.6rem!important;\n                }\n                .vc_custom_1549890597043 {\n                    padding-right: 7% !important;\n                    padding-left: 7% !important;\n                }\n                .vc_custom_1549890605237 {\n                    padding-right: 10% !important;\n                    padding-left: 10% !important;\n                }\n                .vc_custom_1537963523850 {\n                    margin-top: 80px !important;\n                    padding-right: 10% !important;\n                    padding-left: 10% !important;\n                }\n                .vc_custom_1537887407590 {\n                    padding-right: 10% !important;\n                    padding-left: 10% !important;\n                }\n                .vc_custom_1637309831446 {\n                    margin-bottom: 20px !important;\n                }\n                .vc_custom_1635503718737 {\n                    margin-bottom: 30px !important;\n                }\n                .vc_custom_1606125359772 {\n                    padding-bottom: 10px !important;\n                }\n              #content .wpb_alert p:last-child, #content .wpb_text_column :last-child, #content .wpb_text_column p:last-child, .wpb_alert p:last-child, .wpb_text_column :last-child, .wpb_text_column p:last-child {\n    margin-bottom: 0;\n    border-right:inherit;\n}\n              .entry-content a {\n    border: none;\n    color: #d59814;\n    font-weight: inherit !important;\n}\n            img.partenaireIMG {\n                width: 175px;\n            }\n            a.partenaireLink {\n                opacity: .7;\n                -webkit-transition: all 300ms ease-out;\n                -moz-transition: all 300ms ease-out;\n                -ms-transition: all 300ms ease-out;\n                -o-transition: all 300ms ease-out;\n                transition: all 300ms ease-out;\n            }\n            a.partenaireLink:hover {\n                opacity: 1;-webkit-transition: all 300ms ease-out;\n                -moz-transition: all 300ms ease-out;\n                -ms-transition: all 300ms ease-out;\n                -o-transition: all 300ms ease-out;\n                transition: all 300ms ease-out;\n            }\n            p.partenaireSubTitle {\n                text-align: center;\n                font-size: 14px !important;\n                margin-top: 15px;\n                color: #FFFFFF !important;\n            }\n            .blockPartenaire{\n                margin-top: 30px !important;\n                padding-top: 10px !important;\n                margin-bottom: -30px !important;\n            }\n            .blockPartenaire h2{\n                color: #FFFFFF !important;\n            }\n            .mainBlockPartenaire{\n                margin-bottom: 40px !important;\n            }\n            button.newsletter {\n                border: none;\n                background: #aa956d;\n                border-radius: 0px !important;\n                margin-left: -4px;\n            }   \n            input.newsletter {\n                padding: 9px 10px 8px 10px;\n                border: none !important;\n                border-radius: 0px;    \n                width: 50%;\n                margin-left: calc(25% - 70px);\n            }\n            h3.subTitleFooter {\n                display: flex;\n                color: #FFFFFF;\n                font-size: 30px;\n                padding: 0 40px;\n                font-weight: 100;\n                letter-spacing: 1px;\n                text-align: center;\n                line-height: 26px;\n            }\n            .vc_column-inner.newsletter{\n                padding-top: 0 !important;\n            }\n            .footer p strong {\n                text-decoration: underline;\n                margin-bottom: 8px !important;\n                display: block;\n            }\n            .footer p {\n    font-size: 1.4rem !important;\n    font-family: 'Raleway' !important;\n    font-weight: 400 !important;\n}\n.vc_column-inner.vc_custom_1534760528264.mainBlockPartenaire {\n    margin-bottom: 0px !important;\n}\n\n            #partenaires {\n                background: #928f80;\n                display: flex;\n                flex-direction: row;\n                flex-wrap: wrap;\n                justify-content: center;  \/* \u2190 R\u00e9partit uniform\u00e9ment avec espaces \u00e9gaux *\/\n    \t\t\talign-items: center;\n                padding-top: 20px;\n            }\n\n            #partenaires .vc_separator.vc_sep_double .vc_sep_line {\n                border-bottom: 1px solid #ffffff!important;\n                border-top: 2px solid #ffffff!important;\n            }\n\n\n            #partenaires .wpb_column.vc_column_container.vc_col-sm-4 {\n                display: flex;\n                flex-direction: column;\n                align-content: center;\n                justify-content: center;\n                align-items: stretch;\n            }\n            #partenaires .wpb_column.vc_column_container.vc_col-sm-4 .wpb_wrapper {\n                display: flex;\n                flex-direction: column;\n                align-content: center;\n                flex-wrap: wrap;\n            }\n            #partenaires .wpb_column.vc_column_container.vc_col-sm-4 .wpb_wrapper p {\n                font-size: 13px !important;\n                color: #ffffff !important;\n                text-align: center;\n                margin-top: 5px;\n            }\n            #partenaires .wpb_column.vc_column_container.vc_col-sm-4 .wpb_wrapper a {\n                opacity: .7;\n                -webkit-transition: all 300ms ease-out;\n                -moz-transition: all 300ms ease-out;\n                -ms-transition: all 300ms ease-out;\n                -o-transition: all 300ms ease-out;\n                transition: all 300ms ease-out;\n            }\n            #partenaires .wpb_column.vc_column_container.vc_col-sm-4 .wpb_wrapper a:hover {\n                opacity: 1;\n                -webkit-transition: all 300ms ease-out;\n                -moz-transition: all 300ms ease-out;\n                -ms-transition: all 300ms ease-out;\n                -o-transition: all 300ms ease-out;\n                transition: all 300ms ease-out;\n            }\n            #partenaires .wpb_column.vc_column_container.vc_col-sm-12.mentions {\n                margin-top: 30px;\n            }\n            #footer-global {\n                padding-bottom: 4rem;\n            }\n              .vc_separator.vc_sep_double {\n    height: 3px;\n    display: flex;\n    flex-wrap: nowrap;\n    align-content: flex-start;\n    justify-content: center;\n}\n\n\/* Version mobile sp\u00e9cifique - CORRIG\u00c9E *\/\n\/* Solution RADICALE pour mobile - cibler le vrai probl\u00e8me *\/\n@media (max-width: 768px) {\n    \/* Forcer la hauteur automatique pour \u00e9viter la superposition *\/\n    .wpb_column.vc_column_container.vc_col-sm-12 {\n        height: auto !important;\n        min-height: auto !important;\n        overflow: visible !important;\n    }\n    \n    \/* R\u00e9organiser compl\u00e8tement la section newsletter *\/\n    .vc_column-inner.newsletter,\n    .wpb_column.vc_column_container.vc_column_container_footer.vc_col-sm-12 .vc_column-inner {\n        height: auto !important;\n        min-height: auto !important;\n        padding: 20px 10px !important;\n        margin-bottom: 20px !important;\n        display: block !important;\n        overflow: visible !important;\n    }\n    \n    \/* Forcer les \u00e9l\u00e9ments du formulaire en vertical *\/\n    .vc_column-inner.newsletter form,\n    .vc_column-inner.newsletter form div,\n    .vc_column-inner.newsletter form div div,\n    .vc_column-inner.newsletter form p {\n        display: block !important;\n        width: 100% !important;\n        text-align: center !important;\n        margin: 0 !important;\n        padding: 5px 0 !important;\n    }\n    \n    \/* Input et bouton en mode empil\u00e9 *\/\n    input.newsletter {\n        width: 80% !important;\n        margin: 0 auto 15px auto !important;\n        display: block !important;\n    }\n    \n    button.button_newsletter {\n        margin: 0 auto !important;\n        display: block !important;\n        width: fit-content !important;\n    }\n    \n    \/* Espacement entre sections *\/\n    #footer-global {\n        margin-bottom: 20px !important;\n    }\n    \n    #partenaires {\n        margin-top: 20px !important;\n        clear: both !important;\n    }\n}\n\n\n            <\/style>\n        <\/div>\n    <\/div>\n<\/div>\n<\/div>\n<\/div>[\/vc_column_text][\/vc_column][\/vc_row]<\/p>\n<\/div>","protected":false},"excerpt":{"rendered":"<p>Terre des Mayas depuis des milliers d\u2019ann\u00e9es, le Yucatan est connu pour ses sites arch\u00e9ologiques embl\u00e9matiques dont Chich\u00e9n Itz\u00e1 constitue l\u2019un des repr\u00e9sentants les plus c\u00e9l\u00e8bres. Mais la p\u00e9ninsule compte aussi d\u2019autres secrets, parfois bien gard\u00e9s et moins fr\u00e9quent\u00e9s : des r\u00e9seaux impressionnants de c\u00e9notes, des gouffres remplis d\u2019eau, souvent en pleine jungle, qui font le bonheur des plongeurs et des amateurs de baignade ! <\/p>\n","protected":false},"featured_media":57132,"template":"","tag_pays":[64],"tag_thematique":[135],"tag_auteur":[139],"acf":[],"yoast_head":"<!-- This site is optimized with the Yoast SEO plugin v21.5 - https:\/\/yoast.com\/wordpress\/plugins\/seo\/ -->\n<title>D\u00e9couvrez les cenotes du Yucatan | Au Tigre Vanill\u00e9<\/title>\n<meta name=\"description\" content=\"Terre des Mayas depuis des milliers d\u2019ann\u00e9es, le Yucatan est connu pour ses sites arch\u00e9ologiques embl\u00e9matiques dont Chich\u00e9n Itz\u00e1 constitue l\u2019un des repr\u00e9sentants les plus c\u00e9l\u00e8bres.\" \/>\n<meta name=\"robots\" content=\"index, follow, max-snippet:-1, max-image-preview:large, max-video-preview:-1\" \/>\n<link rel=\"canonical\" href=\"https:\/\/www.autigrevanille.ch\/fr\/blog\/cenotes-yucatan-mexique\/\" \/>\n<meta property=\"og:locale\" content=\"fr_FR\" \/>\n<meta property=\"og:type\" content=\"article\" \/>\n<meta property=\"og:title\" content=\"D\u00e9couvrez les cenotes du Yucatan | Au Tigre Vanill\u00e9\" \/>\n<meta property=\"og:description\" content=\"Terre des Mayas depuis des milliers d\u2019ann\u00e9es, le Yucatan est connu pour ses sites arch\u00e9ologiques embl\u00e9matiques dont Chich\u00e9n Itz\u00e1 constitue l\u2019un des repr\u00e9sentants les plus c\u00e9l\u00e8bres.\" \/>\n<meta property=\"og:url\" content=\"https:\/\/www.autigrevanille.ch\/fr\/blog\/cenotes-yucatan-mexique\/\" \/>\n<meta property=\"og:site_name\" content=\"Au Tigre Vanill\u00e9, agence de voyages sur mesure\" \/>\n<meta property=\"article:publisher\" content=\"https:\/\/www.facebook.com\/autigrevanille\" \/>\n<meta property=\"og:image\" content=\"https:\/\/www.autigrevanille.ch\/wp-content\/uploads\/2022\/04\/cenotes-header-blog.jpg\" \/>\n\t<meta property=\"og:image:width\" content=\"2000\" \/>\n\t<meta property=\"og:image:height\" content=\"1335\" \/>\n\t<meta property=\"og:image:type\" content=\"image\/jpeg\" \/>\n<meta name=\"twitter:card\" content=\"summary_large_image\" \/>\n<script type=\"application\/ld+json\" class=\"yoast-schema-graph\">{\"@context\":\"https:\/\/schema.org\",\"@graph\":[{\"@type\":\"WebPage\",\"@id\":\"https:\/\/www.autigrevanille.ch\/fr\/blog\/cenotes-yucatan-mexique\/\",\"url\":\"https:\/\/www.autigrevanille.ch\/fr\/blog\/cenotes-yucatan-mexique\/\",\"name\":\"D\u00e9couvrez les cenotes du Yucatan | Au Tigre Vanill\u00e9\",\"isPartOf\":{\"@id\":\"https:\/\/www.autigrevanille.ch\/fr\/#website\"},\"datePublished\":\"2022-10-19T12:16:18+00:00\",\"dateModified\":\"2022-10-19T12:16:18+00:00\",\"description\":\"Terre des Mayas depuis des milliers d\u2019ann\u00e9es, le Yucatan est connu pour ses sites arch\u00e9ologiques embl\u00e9matiques dont Chich\u00e9n Itz\u00e1 constitue l\u2019un des repr\u00e9sentants les plus c\u00e9l\u00e8bres.\",\"breadcrumb\":{\"@id\":\"https:\/\/www.autigrevanille.ch\/fr\/blog\/cenotes-yucatan-mexique\/#breadcrumb\"},\"inLanguage\":\"fr-FR\",\"potentialAction\":[{\"@type\":\"ReadAction\",\"target\":[\"https:\/\/www.autigrevanille.ch\/fr\/blog\/cenotes-yucatan-mexique\/\"]}]},{\"@type\":\"BreadcrumbList\",\"@id\":\"https:\/\/www.autigrevanille.ch\/fr\/blog\/cenotes-yucatan-mexique\/#breadcrumb\",\"itemListElement\":[{\"@type\":\"ListItem\",\"position\":1,\"name\":\"Accueil\",\"item\":\"https:\/\/www.autigrevanille.ch\/fr\/\"},{\"@type\":\"ListItem\",\"position\":2,\"name\":\"Les c\u00e9notes du Yucatan\"}]},{\"@type\":\"WebSite\",\"@id\":\"https:\/\/www.autigrevanille.ch\/fr\/#website\",\"url\":\"https:\/\/www.autigrevanille.ch\/fr\/\",\"name\":\"Au Tigre Vanill\u00e9, agence de voyages sur mesure\",\"description\":\"Agence de voyages d&#039;exception et sur mesure\",\"publisher\":{\"@id\":\"https:\/\/www.autigrevanille.ch\/fr\/#organization\"},\"potentialAction\":[{\"@type\":\"SearchAction\",\"target\":{\"@type\":\"EntryPoint\",\"urlTemplate\":\"https:\/\/www.autigrevanille.ch\/fr\/?s={search_term_string}\"},\"query-input\":\"required name=search_term_string\"}],\"inLanguage\":\"fr-FR\"},{\"@type\":\"Organization\",\"@id\":\"https:\/\/www.autigrevanille.ch\/fr\/#organization\",\"name\":\"Au Tigre Vanill\u00e9\",\"url\":\"https:\/\/www.autigrevanille.ch\/fr\/\",\"logo\":{\"@type\":\"ImageObject\",\"inLanguage\":\"fr-FR\",\"@id\":\"https:\/\/www.autigrevanille.ch\/fr\/#\/schema\/logo\/image\/\",\"url\":\"https:\/\/www.autigrevanille.ch\/wp-content\/uploads\/2018\/08\/Logo_ATV_300x276.png\",\"contentUrl\":\"https:\/\/www.autigrevanille.ch\/wp-content\/uploads\/2018\/08\/Logo_ATV_300x276.png\",\"width\":300,\"height\":276,\"caption\":\"Au Tigre Vanill\u00e9\"},\"image\":{\"@id\":\"https:\/\/www.autigrevanille.ch\/fr\/#\/schema\/logo\/image\/\"},\"sameAs\":[\"https:\/\/www.facebook.com\/autigrevanille\",\"https:\/\/www.instagram.com\/autigrevanille\",\"https:\/\/www.linkedin.com\/company\/autigrevanille\/\"]}]}<\/script>\n<!-- \/ Yoast SEO plugin. -->","yoast_head_json":{"title":"D\u00e9couvrez les cenotes du Yucatan | Au Tigre Vanill\u00e9","description":"Terre des Mayas depuis des milliers d\u2019ann\u00e9es, le Yucatan est connu pour ses sites arch\u00e9ologiques embl\u00e9matiques dont Chich\u00e9n Itz\u00e1 constitue l\u2019un des repr\u00e9sentants les plus c\u00e9l\u00e8bres.","robots":{"index":"index","follow":"follow","max-snippet":"max-snippet:-1","max-image-preview":"max-image-preview:large","max-video-preview":"max-video-preview:-1"},"canonical":"https:\/\/www.autigrevanille.ch\/fr\/blog\/cenotes-yucatan-mexique\/","og_locale":"fr_FR","og_type":"article","og_title":"D\u00e9couvrez les cenotes du Yucatan | Au Tigre Vanill\u00e9","og_description":"Terre des Mayas depuis des milliers d\u2019ann\u00e9es, le Yucatan est connu pour ses sites arch\u00e9ologiques embl\u00e9matiques dont Chich\u00e9n Itz\u00e1 constitue l\u2019un des repr\u00e9sentants les plus c\u00e9l\u00e8bres.","og_url":"https:\/\/www.autigrevanille.ch\/fr\/blog\/cenotes-yucatan-mexique\/","og_site_name":"Au Tigre Vanill\u00e9, agence de voyages sur mesure","article_publisher":"https:\/\/www.facebook.com\/autigrevanille","og_image":[{"width":2000,"height":1335,"url":"https:\/\/www.autigrevanille.ch\/wp-content\/uploads\/2022\/04\/cenotes-header-blog.jpg","type":"image\/jpeg"}],"twitter_card":"summary_large_image","schema":{"@context":"https:\/\/schema.org","@graph":[{"@type":"WebPage","@id":"https:\/\/www.autigrevanille.ch\/fr\/blog\/cenotes-yucatan-mexique\/","url":"https:\/\/www.autigrevanille.ch\/fr\/blog\/cenotes-yucatan-mexique\/","name":"D\u00e9couvrez les cenotes du Yucatan | Au Tigre Vanill\u00e9","isPartOf":{"@id":"https:\/\/www.autigrevanille.ch\/fr\/#website"},"datePublished":"2022-10-19T12:16:18+00:00","dateModified":"2022-10-19T12:16:18+00:00","description":"Terre des Mayas depuis des milliers d\u2019ann\u00e9es, le Yucatan est connu pour ses sites arch\u00e9ologiques embl\u00e9matiques dont Chich\u00e9n Itz\u00e1 constitue l\u2019un des repr\u00e9sentants les plus c\u00e9l\u00e8bres.","breadcrumb":{"@id":"https:\/\/www.autigrevanille.ch\/fr\/blog\/cenotes-yucatan-mexique\/#breadcrumb"},"inLanguage":"fr-FR","potentialAction":[{"@type":"ReadAction","target":["https:\/\/www.autigrevanille.ch\/fr\/blog\/cenotes-yucatan-mexique\/"]}]},{"@type":"BreadcrumbList","@id":"https:\/\/www.autigrevanille.ch\/fr\/blog\/cenotes-yucatan-mexique\/#breadcrumb","itemListElement":[{"@type":"ListItem","position":1,"name":"Accueil","item":"https:\/\/www.autigrevanille.ch\/fr\/"},{"@type":"ListItem","position":2,"name":"Les c\u00e9notes du Yucatan"}]},{"@type":"WebSite","@id":"https:\/\/www.autigrevanille.ch\/fr\/#website","url":"https:\/\/www.autigrevanille.ch\/fr\/","name":"Au Tigre Vanill\u00e9, agence de voyages sur mesure","description":"Agence de voyages d&#039;exception et sur mesure","publisher":{"@id":"https:\/\/www.autigrevanille.ch\/fr\/#organization"},"potentialAction":[{"@type":"SearchAction","target":{"@type":"EntryPoint","urlTemplate":"https:\/\/www.autigrevanille.ch\/fr\/?s={search_term_string}"},"query-input":"required name=search_term_string"}],"inLanguage":"fr-FR"},{"@type":"Organization","@id":"https:\/\/www.autigrevanille.ch\/fr\/#organization","name":"Au Tigre Vanill\u00e9","url":"https:\/\/www.autigrevanille.ch\/fr\/","logo":{"@type":"ImageObject","inLanguage":"fr-FR","@id":"https:\/\/www.autigrevanille.ch\/fr\/#\/schema\/logo\/image\/","url":"https:\/\/www.autigrevanille.ch\/wp-content\/uploads\/2018\/08\/Logo_ATV_300x276.png","contentUrl":"https:\/\/www.autigrevanille.ch\/wp-content\/uploads\/2018\/08\/Logo_ATV_300x276.png","width":300,"height":276,"caption":"Au Tigre Vanill\u00e9"},"image":{"@id":"https:\/\/www.autigrevanille.ch\/fr\/#\/schema\/logo\/image\/"},"sameAs":["https:\/\/www.facebook.com\/autigrevanille","https:\/\/www.instagram.com\/autigrevanille","https:\/\/www.linkedin.com\/company\/autigrevanille\/"]}]}},"_links":{"self":[{"href":"https:\/\/www.autigrevanille.ch\/fr\/wp-json\/wp\/v2\/blog\/57118"}],"collection":[{"href":"https:\/\/www.autigrevanille.ch\/fr\/wp-json\/wp\/v2\/blog"}],"about":[{"href":"https:\/\/www.autigrevanille.ch\/fr\/wp-json\/wp\/v2\/types\/blog"}],"version-history":[{"count":7,"href":"https:\/\/www.autigrevanille.ch\/fr\/wp-json\/wp\/v2\/blog\/57118\/revisions"}],"predecessor-version":[{"id":57193,"href":"https:\/\/www.autigrevanille.ch\/fr\/wp-json\/wp\/v2\/blog\/57118\/revisions\/57193"}],"wp:featuredmedia":[{"embeddable":true,"href":"https:\/\/www.autigrevanille.ch\/fr\/wp-json\/wp\/v2\/media\/57132"}],"wp:attachment":[{"href":"https:\/\/www.autigrevanille.ch\/fr\/wp-json\/wp\/v2\/media?parent=57118"}],"wp:term":[{"taxonomy":"tag_pays","embeddable":true,"href":"https:\/\/www.autigrevanille.ch\/fr\/wp-json\/wp\/v2\/tag_pays?post=57118"},{"taxonomy":"tag_thematique","embeddable":true,"href":"https:\/\/www.autigrevanille.ch\/fr\/wp-json\/wp\/v2\/tag_thematique?post=57118"},{"taxonomy":"tag_auteur","embeddable":true,"href":"https:\/\/www.autigrevanille.ch\/fr\/wp-json\/wp\/v2\/tag_auteur?post=57118"}],"curies":[{"name":"wp","href":"https:\/\/api.w.org\/{rel}","templated":true}]}}